{"id":1613,"date":"2021-09-23T13:56:37","date_gmt":"2021-09-23T19:56:37","guid":{"rendered":"https:\/\/cofradiasantorosario.org.gt\/?p=1613"},"modified":"2021-09-23T14:09:59","modified_gmt":"2021-09-23T20:09:59","slug":"1613","status":"publish","type":"post","link":"https:\/\/cofradiasantorosario.org.gt\/index.php\/2021\/09\/23\/1613\/","title":{"rendered":""},"content":{"rendered":"\t\t<div data-elementor-type=\"wp-post\" data-elementor-id=\"1613\" class=\"elementor elementor-1613\" data-elementor-settings=\"[]\">\n\t\t\t\t\t\t\t<div class=\"elementor-section-wrap\">\n\t\t\t\t\t\t\t<section class=\"elementor-section elementor-top-section elementor-element elementor-element-185a90b elementor-section-boxed elementor-section-height-default elementor-section-height-default\" data-id=\"185a90b\" data-element_type=\"section\">\n\t\t\t\t\t\t<div class=\"elementor-container elementor-column-gap-default\">\n\t\t\t\t\t<div class=\"elementor-column elementor-col-100 elementor-top-column elementor-element elementor-element-4e02c86\" data-id=\"4e02c86\" data-element_type=\"column\">\n\t\t\t<div class=\"elementor-widget-wrap elementor-element-populated\">\n\t\t\t\t\t\t\t\t<div class=\"elementor-element elementor-element-2b12d0f elementor-widget elementor-widget-image\" data-id=\"2b12d0f\" data-element_type=\"widget\" data-widget_type=\"image.default\">\n\t\t\t\t<div class=\"elementor-widget-container\">\n\t\t\t\t\t\t\t\t\t\t\t\t\t\t\t<img loading=\"lazy\" decoding=\"async\" width=\"300\" height=\"164\" src=\"https:\/\/i2.wp.com\/cofradiasantorosario.org.gt\/wp-content\/uploads\/2021\/09\/LOGO-COFRADIA-2.png?fit=300%2C164&amp;ssl=1\" class=\"attachment-medium size-medium\" alt=\"\" srcset=\"https:\/\/i2.wp.com\/cofradiasantorosario.org.gt\/wp-content\/uploads\/2021\/09\/LOGO-COFRADIA-2.png?w=495&amp;ssl=1 495w, https:\/\/i2.wp.com\/cofradiasantorosario.org.gt\/wp-content\/uploads\/2021\/09\/LOGO-COFRADIA-2.png?resize=300%2C164&amp;ssl=1 300w\" sizes=\"auto, (max-width: 300px) 100vw, 300px\" \/>\t\t\t\t\t\t\t\t\t\t\t\t\t\t\t<\/div>\n\t\t\t\t<\/div>\n\t\t\t\t\t<\/div>\n\t\t<\/div>\n\t\t\t\t\t\t\t<\/div>\n\t\t<\/section>\n\t\t\t\t<section class=\"elementor-section elementor-top-section elementor-element elementor-element-3f50dcd8 elementor-section-boxed elementor-section-height-default elementor-section-height-default\" data-id=\"3f50dcd8\" data-element_type=\"section\">\n\t\t\t\t\t\t<div class=\"elementor-container elementor-column-gap-default\">\n\t\t\t\t\t<div class=\"elementor-column elementor-col-100 elementor-top-column elementor-element elementor-element-599e4e87\" data-id=\"599e4e87\" data-element_type=\"column\">\n\t\t\t<div class=\"elementor-widget-wrap elementor-element-populated\">\n\t\t\t\t\t\t\t\t<div class=\"elementor-element elementor-element-4f4cd89d elementor-widget elementor-widget-text-editor\" data-id=\"4f4cd89d\" data-element_type=\"widget\" data-widget_type=\"text-editor.default\">\n\t\t\t\t<div class=\"elementor-widget-container\">\n\t\t\t\t\t\t\t<!-- wp:heading -->\n<h3>Primera lectura<\/h3>\n<!-- \/wp:heading --><!-- wp:heading {\"level\":3} -->\n<h4>Lectura de la carta del ap\u00f3stol san Pablo a los Romanos 11,1-2a.11-12.25-29<\/h4>\n<!-- \/wp:heading --><!-- wp:paragraph -->\n<p>\u00bfHabr\u00e1 Dios desechado a su pueblo? De ning\u00fan modo. Tambi\u00e9n yo soy israelita, descendiente de Abrah\u00e1n, de la tribu de Benjam\u00edn. Dios no ha desechado al pueblo que \u00e9l eligi\u00f3. Pregunto ahora: \u00bfHan ca\u00eddo para no levantarse? Por supuesto que no. Por haber ca\u00eddo ellos, la salvaci\u00f3n ha pasado a los gentiles, para dar envidia a Israel. Por otra parte, si su ca\u00edda es riqueza para el mundo, es decir, si su devaluaci\u00f3n es la riqueza de los gentiles, \u00bfQu\u00e9 ser\u00e1 cuando alcancen su pleno valor? Hay aqu\u00ed una profunda verdad, hermanos, y, para evitar pretensiones entre vosotros, no quiero que la ignor\u00e9is: el endurecimiento de una parte de Israel durar\u00e1 hasta que entren todos los pueblos; entonces todo Israel se salvar\u00e1, seg\u00fan el texto de la Escritura: \u00abLlegar\u00e1 de Si\u00f3n el Libertador, para alejar los cr\u00edmenes de Jacob; as\u00ed ser\u00e1 la alianza que har\u00e9 con ellos cuando perdone sus pecados.\u00bb Considerando el Evangelio, son enemigos, y ha sido para vuestro bien; pero considerando la elecci\u00f3n, Dios los ama en atenci\u00f3n a los patriarcas, pues los dones y la llamada de Dios son irrevocables.<\/p>\n<p>\u00a0<\/p>\n<!-- \/wp:paragraph --><!-- wp:heading -->\n<h3>Salmo<\/h3>\n<!-- \/wp:heading --><!-- wp:heading {\"level\":3} -->\n<h4>Sal 93,12-13a.14-15.17-18 R\/. El Se\u00f1or no rechaza a su pueblo<\/h4>\n<!-- \/wp:heading --><!-- wp:paragraph -->\n<p>Dichoso el hombre a quien t\u00fa educas,<br \/>al que ense\u00f1as tu ley,<br \/>d\u00e1ndole descanso tras los a\u00f1os duros. R\/.<\/p>\n<!-- \/wp:paragraph --><!-- wp:paragraph -->\n<p>Porque el Se\u00f1or no rechaza a su pueblo,<br \/>ni abandona su heredad:<br \/>el justo obtendr\u00e1 su derecho,<br \/>y un porvenir los rectos de coraz\u00f3n. R\/.<\/p>\n<!-- \/wp:paragraph --><!-- wp:paragraph -->\n<p>Si el Se\u00f1or no me hubiera auxiliado,<br \/>ya estar\u00eda yo habitando en el silencio.<br \/>Cuando me parece que voy a tropezar,<br \/>tu misericordia, Se\u00f1or, me sostiene. R\/.<\/p>\n<p>\u00a0<\/p>\n<!-- \/wp:paragraph --><!-- wp:heading -->\n<h3>Evangelio del d\u00eda<\/h3>\n<!-- \/wp:heading --><!-- wp:heading {\"level\":3} -->\n<h4>Lectura del santo evangelio seg\u00fan san Lucas 14,1.7-11<\/h4>\n<!-- \/wp:heading --><!-- wp:paragraph -->\n<p>Un s\u00e1bado, entr\u00f3 Jes\u00fas en casa de uno de los principales fariseos para comer, y ellos le estaban espiando. Notando que los convidados escog\u00edan los primeros puestos, les propuso esta par\u00e1bola: \u00abCuando te conviden a una boda, no te sientes en el puesto principal, no sea que hayan convidado a otro de m\u00e1s categor\u00eda que t\u00fa; y vendr\u00e1 el que os convid\u00f3 a ti y al otro y te dir\u00e1: &#8220;C\u00e9dele el puesto a \u00e9ste.&#8221; Entonces, avergonzado, ir\u00e1s a ocupar el \u00faltimo puesto. Al rev\u00e9s, cuando te conviden, vete a sentarte en el \u00faltimo puesto, para que, cuando venga el que te convid\u00f3, te diga: &#8220;Amigo, sube m\u00e1s arriba.&#8221; Entonces quedar\u00e1s muy bien ante todos los comensales. Porque todo el que se enaltece ser\u00e1 humillado, y el que se humilla ser\u00e1 enaltecido.\u00bb<\/p>\n<!-- \/wp:paragraph -->\t\t\t\t\t\t<\/div>\n\t\t\t\t<\/div>\n\t\t\t\t\t<\/div>\n\t\t<\/div>\n\t\t\t\t\t\t\t<\/div>\n\t\t<\/section>\n\t\t\t\t\t\t<\/div>\n\t\t\t\t\t<\/div>\n\t\t","protected":false},"excerpt":{"rendered":"<p>Primera lectura Lectura de la carta del ap\u00f3stol san Pablo a los Romanos 11,1-2a.11-12.25-29 \u00bfHabr\u00e1 Dios desechado a su pueblo? De ning\u00fan modo. Tambi\u00e9n yo soy israelita, descendiente de Abrah\u00e1n, [&hellip;]<\/p>\n","protected":false},"author":2,"featured_media":0,"comment_status":"closed","ping_status":"closed","sticky":false,"template":"elementor_canvas","format":"standard","meta":{"om_disable_all_campaigns":false,"_monsterinsights_skip_tracking":false,"_monsterinsights_sitenote_active":false,"_monsterinsights_sitenote_note":"","_monsterinsights_sitenote_category":0,"site-sidebar-layout":"default","site-content-layout":"default","ast-site-content-layout":"","site-content-style":"default","site-sidebar-style":"default","ast-global-header-display":"","ast-banner-title-visibility":"","ast-main-header-display":"","ast-hfb-above-header-display":"","ast-hfb-below-header-display":"","ast-hfb-mobile-header-display":"","site-post-title":"","ast-breadcrumbs-content":"","ast-featured-img":"","footer-sml-layout":"","theme-transparent-header-meta":"default","adv-header-id-meta":"","stick-header-meta":"","header-above-stick-meta":"","header-main-stick-meta":"","header-below-stick-meta":"","astra-migrate-meta-layouts":"default","ast-page-background-enabled":"default","ast-page-background-meta":{"desktop":{"background-color":"","background-image":"","background-repeat":"repeat","background-position":"center center","background-size":"auto","background-attachment":"scroll","background-type":"","background-media":"","overlay-type":"","overlay-color":"","overlay-opacity":"","overlay-gradient":""},"tablet":{"background-color":"","background-image":"","background-repeat":"repeat","background-position":"center center","background-size":"auto","background-attachment":"scroll","background-type":"","background-media":"","overlay-type":"","overlay-color":"","overlay-opacity":"","overlay-gradient":""},"mobile":{"background-color":"","background-image":"","background-repeat":"repeat","background-position":"center center","background-size":"auto","background-attachment":"scroll","background-type":"","background-media":"","overlay-type":"","overlay-color":"","overlay-opacity":"","overlay-gradient":""}},"ast-content-background-meta":{"desktop":{"background-color":"var(--ast-global-color-5)","background-image":"","background-repeat":"repeat","background-position":"center center","background-size":"auto","background-attachment":"scroll","background-type":"","background-media":"","overlay-type":"","overlay-color":"","overlay-opacity":"","overlay-gradient":""},"tablet":{"background-color":"var(--ast-global-color-5)","background-image":"","background-repeat":"repeat","background-position":"center center","background-size":"auto","background-attachment":"scroll","background-type":"","background-media":"","overlay-type":"","overlay-color":"","overlay-opacity":"","overlay-gradient":""},"mobile":{"background-color":"var(--ast-global-color-5)","background-image":"","background-repeat":"repeat","background-position":"center center","background-size":"auto","background-attachment":"scroll","background-type":"","background-media":"","overlay-type":"","overlay-color":"","overlay-opacity":"","overlay-gradient":""}},"spay_email":"","footnotes":""},"categories":[1],"tags":[],"class_list":["post-1613","post","type-post","status-publish","format-standard","hentry","category-uncategorized"],"jetpack_featured_media_url":"","jetpack-related-posts":[{"id":1216,"url":"https:\/\/cofradiasantorosario.org.gt\/index.php\/2021\/09\/20\/1216\/","url_meta":{"origin":1613,"position":0},"title":"Primera lectura Lectura del libro\u2026","date":"septiembre 20, 2021","format":false,"excerpt":"Primera lectura Lectura del libro de Baruc 1,15-22: Confesamos que el Se\u00f1or nuestro Dios es justo. Nosotros, en cambio, sentimos en este d\u00eda la verg\u00fcenza de la culpa. Nosotros, hombres de Jud\u00e1, vecinos de Jerusal\u00e9n, nuestros reyes y gobernantes, nuestros sacerdotes y profetas, lo mismo que nuestros antepasados, hemos pecado\u2026","rel":"","context":"In &quot;Religiosidad&quot;","img":{"alt_text":"","src":"","width":0,"height":0},"classes":[]},{"id":1615,"url":"https:\/\/cofradiasantorosario.org.gt\/index.php\/2021\/09\/23\/1615\/","url_meta":{"origin":1613,"position":1},"title":"Primera lectura Lectura del Libro\u2026","date":"septiembre 23, 2021","format":false,"excerpt":"Primera lectura Lectura del Libro del Deuteronomio 6, 2-6 Habl\u00f3 Mois\u00e9s al pueblo y le dijo:\u2013Teme al Se\u00f1or tu Dios, guardando todos los mandatos y preceptos que te manda, t\u00fa, tus hijos y tus nietos, mientras viv\u00e1is; as\u00ed prolongar\u00e1s tu vida. Esc\u00fachalo, Israel, y ponlo por obra para que te\u2026","rel":"","context":"Similar post","img":{"alt_text":"","src":"","width":0,"height":0},"classes":[]},{"id":1256,"url":"https:\/\/cofradiasantorosario.org.gt\/index.php\/2021\/09\/20\/1256\/","url_meta":{"origin":1613,"position":2},"title":"Primera lectura Lectura del libro\u2026","date":"septiembre 20, 2021","format":false,"excerpt":"Primera lectura Lectura del libro de Baruc 4, 5-12. 27-29 \u00a1\u00c1nimo, pueblo m\u00edo, que llevas el nombre de Israel!\u00a0Os vendieron a naciones extranjeras,\u00a0pero no para ser aniquilados.\u00a0Por la c\u00f3lera de Dios contra vosotros,\u00a0os entregaron en poder del enemigo,\u00a0porque irritasteis a vuestro Creador,\u00a0sacrificando a demonios, no a Dios;\u00a0os olvidasteis del Se\u00f1or\u2026","rel":"","context":"Similar post","img":{"alt_text":"","src":"","width":0,"height":0},"classes":[]},{"id":1530,"url":"https:\/\/cofradiasantorosario.org.gt\/index.php\/2021\/09\/22\/1530\/","url_meta":{"origin":1613,"position":3},"title":"Primera lectura Lectura de la\u2026","date":"septiembre 22, 2021","format":false,"excerpt":"Primera lectura Lectura de la carta del ap\u00f3stol san Pablo a los Romanos 4,13. 16-18 No fue la observancia de la Ley, sino la justificaci\u00f3n obtenida por la fe, la que obtuvo para Abrah\u00e1n y su descendencia la promesa de heredar el mundo. Por eso, como todo depende de la\u2026","rel":"","context":"Similar post","img":{"alt_text":"","src":"","width":0,"height":0},"classes":[]},{"id":1521,"url":"https:\/\/cofradiasantorosario.org.gt\/index.php\/2021\/09\/22\/1521\/","url_meta":{"origin":1613,"position":4},"title":"Primera lectura Lectura del primer\u2026","date":"septiembre 22, 2021","format":false,"excerpt":"Primera lectura Lectura del primer libro de las Cr\u00f3nicas 15, 3-4. 15-16; 16, 1-2 En aquellos d\u00edas, David congreg\u00f3 en Jerusal\u00e9n a todo Israel para subir el Arca del Se\u00f1or al lugar que le hab\u00eda preparado. Reuni\u00f3 tambi\u00e9n a los hijos de Aar\u00f3n y a los levitas. Luego los levitas\u2026","rel":"","context":"Similar post","img":{"alt_text":"","src":"","width":0,"height":0},"classes":[]},{"id":1553,"url":"https:\/\/cofradiasantorosario.org.gt\/index.php\/2021\/09\/23\/1553\/","url_meta":{"origin":1613,"position":5},"title":"Primera lectura Lectura del Profeta\u2026","date":"septiembre 23, 2021","format":false,"excerpt":"Primera lectura Lectura del Profeta Isa\u00edas 53, 10-11 El Se\u00f1or quiso triturarlo con el sufrimiento.Cuando entregue su vida como expiaci\u00f3n, ver\u00e1 su descendencia, prolongar\u00e1 sus a\u00f1os; lo que el Se\u00f1or quiere prosperar\u00e1 por sus manos.A causa de los trabajos de su alma, ver\u00e1 y se hartar\u00e1, con lo aprendido mi\u2026","rel":"","context":"Similar post","img":{"alt_text":"","src":"","width":0,"height":0},"classes":[]}],"_links":{"self":[{"href":"https:\/\/cofradiasantorosario.org.gt\/index.php\/wp-json\/wp\/v2\/posts\/1613","targetHints":{"allow":["GET"]}}],"collection":[{"href":"https:\/\/cofradiasantorosario.org.gt\/index.php\/wp-json\/wp\/v2\/posts"}],"about":[{"href":"https:\/\/cofradiasantorosario.org.gt\/index.php\/wp-json\/wp\/v2\/types\/post"}],"author":[{"embeddable":true,"href":"https:\/\/cofradiasantorosario.org.gt\/index.php\/wp-json\/wp\/v2\/users\/2"}],"replies":[{"embeddable":true,"href":"https:\/\/cofradiasantorosario.org.gt\/index.php\/wp-json\/wp\/v2\/comments?post=1613"}],"version-history":[{"count":4,"href":"https:\/\/cofradiasantorosario.org.gt\/index.php\/wp-json\/wp\/v2\/posts\/1613\/revisions"}],"predecessor-version":[{"id":1647,"href":"https:\/\/cofradiasantorosario.org.gt\/index.php\/wp-json\/wp\/v2\/posts\/1613\/revisions\/1647"}],"wp:attachment":[{"href":"https:\/\/cofradiasantorosario.org.gt\/index.php\/wp-json\/wp\/v2\/media?parent=1613"}],"wp:term":[{"taxonomy":"category","embeddable":true,"href":"https:\/\/cofradiasantorosario.org.gt\/index.php\/wp-json\/wp\/v2\/categories?post=1613"},{"taxonomy":"post_tag","embeddable":true,"href":"https:\/\/cofradiasantorosario.org.gt\/index.php\/wp-json\/wp\/v2\/tags?post=1613"}],"curies":[{"name":"wp","href":"https:\/\/api.w.org\/{rel}","templated":true}]}}