{"id":1607,"date":"2021-09-23T13:53:16","date_gmt":"2021-09-23T19:53:16","guid":{"rendered":"https:\/\/cofradiasantorosario.org.gt\/?p=1607"},"modified":"2021-09-23T14:07:41","modified_gmt":"2021-09-23T20:07:41","slug":"1607","status":"publish","type":"post","link":"https:\/\/cofradiasantorosario.org.gt\/index.php\/2021\/09\/23\/1607\/","title":{"rendered":""},"content":{"rendered":"\t\t<div data-elementor-type=\"wp-post\" data-elementor-id=\"1607\" class=\"elementor elementor-1607\" data-elementor-settings=\"[]\">\n\t\t\t\t\t\t\t<div class=\"elementor-section-wrap\">\n\t\t\t\t\t\t\t<section class=\"elementor-section elementor-top-section elementor-element elementor-element-055dfaf elementor-section-boxed elementor-section-height-default elementor-section-height-default\" data-id=\"055dfaf\" data-element_type=\"section\">\n\t\t\t\t\t\t<div class=\"elementor-container elementor-column-gap-default\">\n\t\t\t\t\t<div class=\"elementor-column elementor-col-100 elementor-top-column elementor-element elementor-element-56b2d93\" data-id=\"56b2d93\" data-element_type=\"column\">\n\t\t\t<div class=\"elementor-widget-wrap elementor-element-populated\">\n\t\t\t\t\t\t\t\t<div class=\"elementor-element elementor-element-87f0f3a elementor-widget elementor-widget-image\" data-id=\"87f0f3a\" data-element_type=\"widget\" data-widget_type=\"image.default\">\n\t\t\t\t<div class=\"elementor-widget-container\">\n\t\t\t\t\t\t\t\t\t\t\t\t\t\t\t<img loading=\"lazy\" decoding=\"async\" width=\"300\" height=\"164\" src=\"https:\/\/i2.wp.com\/cofradiasantorosario.org.gt\/wp-content\/uploads\/2021\/09\/LOGO-COFRADIA-2.png?fit=300%2C164&amp;ssl=1\" class=\"attachment-medium size-medium\" alt=\"\" srcset=\"https:\/\/i2.wp.com\/cofradiasantorosario.org.gt\/wp-content\/uploads\/2021\/09\/LOGO-COFRADIA-2.png?w=495&amp;ssl=1 495w, https:\/\/i2.wp.com\/cofradiasantorosario.org.gt\/wp-content\/uploads\/2021\/09\/LOGO-COFRADIA-2.png?resize=300%2C164&amp;ssl=1 300w\" sizes=\"auto, (max-width: 300px) 100vw, 300px\" \/>\t\t\t\t\t\t\t\t\t\t\t\t\t\t\t<\/div>\n\t\t\t\t<\/div>\n\t\t\t\t\t<\/div>\n\t\t<\/div>\n\t\t\t\t\t\t\t<\/div>\n\t\t<\/section>\n\t\t\t\t<section class=\"elementor-section elementor-top-section elementor-element elementor-element-77438475 elementor-section-boxed elementor-section-height-default elementor-section-height-default\" data-id=\"77438475\" data-element_type=\"section\">\n\t\t\t\t\t\t<div class=\"elementor-container elementor-column-gap-default\">\n\t\t\t\t\t<div class=\"elementor-column elementor-col-100 elementor-top-column elementor-element elementor-element-5a6ef926\" data-id=\"5a6ef926\" data-element_type=\"column\">\n\t\t\t<div class=\"elementor-widget-wrap elementor-element-populated\">\n\t\t\t\t\t\t\t\t<div class=\"elementor-element elementor-element-552950a8 elementor-widget elementor-widget-text-editor\" data-id=\"552950a8\" data-element_type=\"widget\" data-widget_type=\"text-editor.default\">\n\t\t\t\t<div class=\"elementor-widget-container\">\n\t\t\t\t\t\t\t<!-- wp:heading -->\n<h3>Primera lectura<\/h3>\n<!-- \/wp:heading --><!-- wp:heading {\"level\":3} -->\n<h4>Lectura de la carta del ap\u00f3stol san Pablo a los Romanos 8,26-30:<\/h4>\n<!-- \/wp:heading --><!-- wp:paragraph -->\n<p>El Esp\u00edritu viene en ayuda de nuestra debilidad, porque nosotros no sabemos pedir lo que nos conviene, pero el Esp\u00edritu mismo intercede por nosotros con gemidos inefables. Y el que escudri\u00f1a los corazones sabe cu\u00e1l es el deseo del Esp\u00edritu, y que su intercesi\u00f3n por los santos es seg\u00fan Dios. Sabemos tambi\u00e9n que a los que aman a Dios todo les sirve para el bien: a los que ha llamado conforme a su designio. A los que hab\u00eda escogido, Dios los predestin\u00f3 a ser imagen de su Hijo, para que \u00e9l fuera el primog\u00e9nito de muchos hermanos. A los que predestin\u00f3, los llam\u00f3; a los que llam\u00f3, los justific\u00f3; a los que justific\u00f3, los glorific\u00f3.<\/p>\n<p>\u00a0<\/p>\n<!-- \/wp:paragraph --><!-- wp:heading -->\n<h3>Salmo<\/h3>\n<!-- \/wp:heading --><!-- wp:heading {\"level\":3} -->\n<h4>Sal 12,4-5.6 R\/. Yo conf\u00edo, Se\u00f1or, en tu misericordia<\/h4>\n<!-- \/wp:heading --><!-- wp:paragraph -->\n<p>Atiende y resp\u00f3ndeme, Se\u00f1or, Dios m\u00edo;<br \/>da luz a mis ojos para que no me duerma en la muerte,<br \/>para que no diga mi enemigo: \u00abLe he podido\u00bb,<br \/>ni se alegre mi adversario de mi fracaso. R\/.<\/p>\n<!-- \/wp:paragraph --><!-- wp:paragraph -->\n<p>Porque yo conf\u00edo en tu misericordia:<br \/>alegra mi coraz\u00f3n con tu auxilio,<br \/>y cantar\u00e9 al Se\u00f1or<br \/>por el bien que me ha hecho. R\/.<\/p>\n<p>\u00a0<\/p>\n<!-- \/wp:paragraph --><!-- wp:heading -->\n<h3>Evangelio del d\u00eda<\/h3>\n<!-- \/wp:heading --><!-- wp:heading {\"level\":3} -->\n<h4>Lectura del santo evangelio seg\u00fan san Lucas 13,22-30<\/h4>\n<!-- \/wp:heading --><!-- wp:paragraph -->\n<p>En aquel tiempo, Jes\u00fas, de camino hacia Jerusal\u00e9n, recorr\u00eda ciudades y aldeas ense\u00f1ando.<br \/>Uno le pregunt\u00f3: \u00abSe\u00f1or, \u00bfser\u00e1n pocos los que se salven?\u00bb<br \/>Jes\u00fas les dijo: \u00abEsforzaos en entrar por la puerta estrecha. Os digo que muchos intentar\u00e1n entrar y no podr\u00e1n. Cuando el amo de la casa se levante y cierre la puerta, os quedar\u00e9is fuera y llamar\u00e9is a la puerta, diciendo: &#8220;Se\u00f1or, \u00e1brenos&#8221;; y \u00e9l os replicar\u00e1: &#8220;No s\u00e9 qui\u00e9nes sois.&#8221; Entonces comenzar\u00e9is a decir: &#8220;Hemos comido y bebido contigo, y t\u00fa has ense\u00f1ado en nuestras plazas.&#8221; Pero \u00e9l os replicar\u00e1: &#8220;No s\u00e9 qui\u00e9nes sois. Alejaos de m\u00ed, malvados.&#8221; Entonces ser\u00e1 el llanto y el rechinar de dientes, cuando ve\u00e1is a Abrah\u00e1n, Isaac y Jacob y a todos los profetas en el reino de Dios, y vosotros os ve\u00e1is echados fuera. Y vendr\u00e1n de oriente y occidente, del norte y del sur, y se sentar\u00e1n a la mesa en el reino de Dios. Mirad: hay \u00faltimos que ser\u00e1n primeros, y primeros que ser\u00e1n \u00faltimos.\u00bb<\/p>\n<!-- \/wp:paragraph -->\t\t\t\t\t\t<\/div>\n\t\t\t\t<\/div>\n\t\t\t\t\t<\/div>\n\t\t<\/div>\n\t\t\t\t\t\t\t<\/div>\n\t\t<\/section>\n\t\t\t\t\t\t<\/div>\n\t\t\t\t\t<\/div>\n\t\t","protected":false},"excerpt":{"rendered":"<p>Primera lectura Lectura de la carta del ap\u00f3stol san Pablo a los Romanos 8,26-30: El Esp\u00edritu viene en ayuda de nuestra debilidad, porque nosotros no sabemos pedir lo que nos [&hellip;]<\/p>\n","protected":false},"author":2,"featured_media":0,"comment_status":"closed","ping_status":"closed","sticky":false,"template":"elementor_canvas","format":"standard","meta":{"om_disable_all_campaigns":false,"_monsterinsights_skip_tracking":false,"_monsterinsights_sitenote_active":false,"_monsterinsights_sitenote_note":"","_monsterinsights_sitenote_category":0,"site-sidebar-layout":"default","site-content-layout":"default","ast-site-content-layout":"","site-content-style":"default","site-sidebar-style":"default","ast-global-header-display":"","ast-banner-title-visibility":"","ast-main-header-display":"","ast-hfb-above-header-display":"","ast-hfb-below-header-display":"","ast-hfb-mobile-header-display":"","site-post-title":"","ast-breadcrumbs-content":"","ast-featured-img":"","footer-sml-layout":"","theme-transparent-header-meta":"default","adv-header-id-meta":"","stick-header-meta":"","header-above-stick-meta":"","header-main-stick-meta":"","header-below-stick-meta":"","astra-migrate-meta-layouts":"default","ast-page-background-enabled":"default","ast-page-background-meta":{"desktop":{"background-color":"","background-image":"","background-repeat":"repeat","background-position":"center center","background-size":"auto","background-attachment":"scroll","background-type":"","background-media":"","overlay-type":"","overlay-color":"","overlay-opacity":"","overlay-gradient":""},"tablet":{"background-color":"","background-image":"","background-repeat":"repeat","background-position":"center center","background-size":"auto","background-attachment":"scroll","background-type":"","background-media":"","overlay-type":"","overlay-color":"","overlay-opacity":"","overlay-gradient":""},"mobile":{"background-color":"","background-image":"","background-repeat":"repeat","background-position":"center center","background-size":"auto","background-attachment":"scroll","background-type":"","background-media":"","overlay-type":"","overlay-color":"","overlay-opacity":"","overlay-gradient":""}},"ast-content-background-meta":{"desktop":{"background-color":"var(--ast-global-color-5)","background-image":"","background-repeat":"repeat","background-position":"center center","background-size":"auto","background-attachment":"scroll","background-type":"","background-media":"","overlay-type":"","overlay-color":"","overlay-opacity":"","overlay-gradient":""},"tablet":{"background-color":"var(--ast-global-color-5)","background-image":"","background-repeat":"repeat","background-position":"center center","background-size":"auto","background-attachment":"scroll","background-type":"","background-media":"","overlay-type":"","overlay-color":"","overlay-opacity":"","overlay-gradient":""},"mobile":{"background-color":"var(--ast-global-color-5)","background-image":"","background-repeat":"repeat","background-position":"center center","background-size":"auto","background-attachment":"scroll","background-type":"","background-media":"","overlay-type":"","overlay-color":"","overlay-opacity":"","overlay-gradient":""}},"spay_email":"","footnotes":""},"categories":[1],"tags":[],"class_list":["post-1607","post","type-post","status-publish","format-standard","hentry","category-uncategorized"],"jetpack_featured_media_url":"","jetpack-related-posts":[{"id":1602,"url":"https:\/\/cofradiasantorosario.org.gt\/index.php\/2021\/09\/23\/1602\/","url_meta":{"origin":1607,"position":0},"title":"Primera lectura Lectura de la\u2026","date":"septiembre 23, 2021","format":false,"excerpt":"Primera lectura Lectura de la carta del ap\u00f3stol san Pablo a los Romanos 8,12-17 Estamos en deuda, pero no con la carne para vivir carnalmente. Pues si viv\u00eds seg\u00fan la carne, vais a la muerte; pero si con el Esp\u00edritu dais muerte a las obras del cuerpo, vivir\u00e9is. Los que\u2026","rel":"","context":"Similar post","img":{"alt_text":"","src":"","width":0,"height":0},"classes":[]},{"id":1571,"url":"https:\/\/cofradiasantorosario.org.gt\/index.php\/2021\/09\/23\/1571\/","url_meta":{"origin":1607,"position":1},"title":"Primera lectura Lectura de la\u2026","date":"septiembre 23, 2021","format":false,"excerpt":"Primera lectura Lectura de la carta del ap\u00f3stol san Pablo a los Romanos 8, 1-11. Ahora no pesa condena alguna sobre los que est\u00e1n unidos a Cristo Jes\u00fas, pues, por la uni\u00f3n con Cristo Jes\u00fas, la ley del Esp\u00edritu de vida me ha librado de la ley del pecado y\u2026","rel":"","context":"Similar post","img":{"alt_text":"","src":"","width":0,"height":0},"classes":[]},{"id":1611,"url":"https:\/\/cofradiasantorosario.org.gt\/index.php\/2021\/09\/23\/1611\/","url_meta":{"origin":1607,"position":2},"title":"Primera lectura Lectura de la\u2026","date":"septiembre 23, 2021","format":false,"excerpt":"Primera lectura Lectura de la carta del ap\u00f3stol san Pablo a los Romanos 9,1-5 \u201cDigo la verdad en Cristo; mi conciencia, iluminada por el Esp\u00edritu Santo, me asegura que no miento. Siento una gran pena y un dolor incesante en mi coraz\u00f3n, pues por el bien de mis hermanos, los\u2026","rel":"","context":"Similar post","img":{"alt_text":"","src":"","width":0,"height":0},"classes":[]},{"id":1530,"url":"https:\/\/cofradiasantorosario.org.gt\/index.php\/2021\/09\/22\/1530\/","url_meta":{"origin":1607,"position":3},"title":"Primera lectura Lectura de la\u2026","date":"septiembre 22, 2021","format":false,"excerpt":"Primera lectura Lectura de la carta del ap\u00f3stol san Pablo a los Romanos 4,13. 16-18 No fue la observancia de la Ley, sino la justificaci\u00f3n obtenida por la fe, la que obtuvo para Abrah\u00e1n y su descendencia la promesa de heredar el mundo. Por eso, como todo depende de la\u2026","rel":"","context":"Similar post","img":{"alt_text":"","src":"","width":0,"height":0},"classes":[]},{"id":1605,"url":"https:\/\/cofradiasantorosario.org.gt\/index.php\/2021\/09\/23\/1605\/","url_meta":{"origin":1607,"position":4},"title":"Primera lectura Lectura de la\u2026","date":"septiembre 23, 2021","format":false,"excerpt":"Primera lectura Lectura de la carta del ap\u00f3stol san Pablo a los Romanos 8, 18-25 Sostengo que los sufrimientos de ahora no pesan lo que la gloria que un dia se nos descubrir\u00e1. Porque la creaci\u00f3n, expectante, est\u00e1 aguardando la plena manifestaci\u00f3n de los hijos de Dios; ella fue sometida\u2026","rel":"","context":"Similar post","img":{"alt_text":"","src":"","width":0,"height":0},"classes":[]},{"id":1503,"url":"https:\/\/cofradiasantorosario.org.gt\/index.php\/2021\/09\/22\/1503\/","url_meta":{"origin":1607,"position":5},"title":"Primera lectura Lectura del Libro\u2026","date":"septiembre 22, 2021","format":false,"excerpt":"Primera lectura Lectura del Libro de la Sabidur\u00eda 7, 7-11 Supliqu\u00e9 y me fue dada la prudencia,invoqu\u00e9 y vino a m\u00ed el esp\u00edritu de sabidur\u00eda. La prefer\u00ed a cetros y tronosy a su lado en nada tuve la riqueza. No la equipar\u00e9 a la piedra m\u00e1s preciosa,porque todo el oro\u2026","rel":"","context":"Similar post","img":{"alt_text":"","src":"","width":0,"height":0},"classes":[]}],"_links":{"self":[{"href":"https:\/\/cofradiasantorosario.org.gt\/index.php\/wp-json\/wp\/v2\/posts\/1607","targetHints":{"allow":["GET"]}}],"collection":[{"href":"https:\/\/cofradiasantorosario.org.gt\/index.php\/wp-json\/wp\/v2\/posts"}],"about":[{"href":"https:\/\/cofradiasantorosario.org.gt\/index.php\/wp-json\/wp\/v2\/types\/post"}],"author":[{"embeddable":true,"href":"https:\/\/cofradiasantorosario.org.gt\/index.php\/wp-json\/wp\/v2\/users\/2"}],"replies":[{"embeddable":true,"href":"https:\/\/cofradiasantorosario.org.gt\/index.php\/wp-json\/wp\/v2\/comments?post=1607"}],"version-history":[{"count":4,"href":"https:\/\/cofradiasantorosario.org.gt\/index.php\/wp-json\/wp\/v2\/posts\/1607\/revisions"}],"predecessor-version":[{"id":1638,"href":"https:\/\/cofradiasantorosario.org.gt\/index.php\/wp-json\/wp\/v2\/posts\/1607\/revisions\/1638"}],"wp:attachment":[{"href":"https:\/\/cofradiasantorosario.org.gt\/index.php\/wp-json\/wp\/v2\/media?parent=1607"}],"wp:term":[{"taxonomy":"category","embeddable":true,"href":"https:\/\/cofradiasantorosario.org.gt\/index.php\/wp-json\/wp\/v2\/categories?post=1607"},{"taxonomy":"post_tag","embeddable":true,"href":"https:\/\/cofradiasantorosario.org.gt\/index.php\/wp-json\/wp\/v2\/tags?post=1607"}],"curies":[{"name":"wp","href":"https:\/\/api.w.org\/{rel}","templated":true}]}}