{"id":1605,"date":"2021-09-23T13:52:12","date_gmt":"2021-09-23T19:52:12","guid":{"rendered":"https:\/\/cofradiasantorosario.org.gt\/?p=1605"},"modified":"2021-09-23T14:06:55","modified_gmt":"2021-09-23T20:06:55","slug":"1605","status":"publish","type":"post","link":"https:\/\/cofradiasantorosario.org.gt\/index.php\/2021\/09\/23\/1605\/","title":{"rendered":""},"content":{"rendered":"\t\t<div data-elementor-type=\"wp-post\" data-elementor-id=\"1605\" class=\"elementor elementor-1605\" data-elementor-settings=\"[]\">\n\t\t\t\t\t\t\t<div class=\"elementor-section-wrap\">\n\t\t\t\t\t\t\t<section class=\"elementor-section elementor-top-section elementor-element elementor-element-141fca6 elementor-section-boxed elementor-section-height-default elementor-section-height-default\" data-id=\"141fca6\" data-element_type=\"section\">\n\t\t\t\t\t\t<div class=\"elementor-container elementor-column-gap-default\">\n\t\t\t\t\t<div class=\"elementor-column elementor-col-100 elementor-top-column elementor-element elementor-element-acab354\" data-id=\"acab354\" data-element_type=\"column\">\n\t\t\t<div class=\"elementor-widget-wrap elementor-element-populated\">\n\t\t\t\t\t\t\t\t<div class=\"elementor-element elementor-element-afb8b4c elementor-widget elementor-widget-image\" data-id=\"afb8b4c\" data-element_type=\"widget\" data-widget_type=\"image.default\">\n\t\t\t\t<div class=\"elementor-widget-container\">\n\t\t\t\t\t\t\t\t\t\t\t\t\t\t\t<img loading=\"lazy\" decoding=\"async\" width=\"300\" height=\"164\" src=\"https:\/\/i2.wp.com\/cofradiasantorosario.org.gt\/wp-content\/uploads\/2021\/09\/LOGO-COFRADIA-2.png?fit=300%2C164&amp;ssl=1\" class=\"attachment-medium size-medium\" alt=\"\" srcset=\"https:\/\/i2.wp.com\/cofradiasantorosario.org.gt\/wp-content\/uploads\/2021\/09\/LOGO-COFRADIA-2.png?w=495&amp;ssl=1 495w, https:\/\/i2.wp.com\/cofradiasantorosario.org.gt\/wp-content\/uploads\/2021\/09\/LOGO-COFRADIA-2.png?resize=300%2C164&amp;ssl=1 300w\" sizes=\"auto, (max-width: 300px) 100vw, 300px\" \/>\t\t\t\t\t\t\t\t\t\t\t\t\t\t\t<\/div>\n\t\t\t\t<\/div>\n\t\t\t\t\t<\/div>\n\t\t<\/div>\n\t\t\t\t\t\t\t<\/div>\n\t\t<\/section>\n\t\t\t\t<section class=\"elementor-section elementor-top-section elementor-element elementor-element-257ba561 elementor-section-boxed elementor-section-height-default elementor-section-height-default\" data-id=\"257ba561\" data-element_type=\"section\">\n\t\t\t\t\t\t<div class=\"elementor-container elementor-column-gap-default\">\n\t\t\t\t\t<div class=\"elementor-column elementor-col-100 elementor-top-column elementor-element elementor-element-8a016fa\" data-id=\"8a016fa\" data-element_type=\"column\">\n\t\t\t<div class=\"elementor-widget-wrap elementor-element-populated\">\n\t\t\t\t\t\t\t\t<div class=\"elementor-element elementor-element-6f40165c elementor-widget elementor-widget-text-editor\" data-id=\"6f40165c\" data-element_type=\"widget\" data-widget_type=\"text-editor.default\">\n\t\t\t\t<div class=\"elementor-widget-container\">\n\t\t\t\t\t\t\t<!-- wp:heading -->\n<h3>Primera lectura<\/h3>\n<!-- \/wp:heading --><!-- wp:heading {\"level\":3} -->\n<h4>Lectura de la carta del ap\u00f3stol san Pablo a los Romanos 8, 18-25<\/h4>\n<!-- \/wp:heading --><!-- wp:paragraph -->\n<p>Sostengo que los sufrimientos de ahora no pesan lo que la gloria que un dia se nos descubrir\u00e1. Porque la creaci\u00f3n, expectante, est\u00e1 aguardando la plena manifestaci\u00f3n de los hijos de Dios; ella fue sometida a la frustraci\u00f3n, no por su voluntad, sino por uno que la someti\u00f3; pero fue con la esperanza de que la creaci\u00f3n misma se ver\u00eda liberada de la esclavitud de la corrupci\u00f3n, para entrar en la libertad gloriosa de los hijos de Dios. Porque sabemos que hasta hoy la creaci\u00f3n entera est\u00e1 gimiendo toda ella con dolores de parto. Y no s\u00f3lo eso; tambi\u00e9n nosotros, que poseemos las primicias del Esp\u00edritu, gemimos en nuestro interior, aguardando la hora de ser hijos de Dios, la redenci\u00f3n de nuestro cuerpo. Porque en esperanza fuimos salvados. Y una esperanza que se ve ya no es esperanza. \u00bfC\u00f3mo seguir\u00e1 esperando uno aquello que ve? Cuando esperamos lo que no vemos, aguardamos con perseverancia.<\/p>\n<p>\u00a0<\/p>\n<!-- \/wp:paragraph --><!-- wp:heading -->\n<h3>Salmo<\/h3>\n<!-- \/wp:heading --><!-- wp:heading {\"level\":3} -->\n<h4>Sal 125,1-2ab.2cd-3.4-5.6 R\/. El Se\u00f1or ha estado grande con nosotros<\/h4>\n<!-- \/wp:heading --><!-- wp:paragraph -->\n<p>Cuando el Se\u00f1or cambi\u00f3 la suerte de Si\u00f3n,<br \/>nos parec\u00eda so\u00f1ar:<br \/>la boca se nos llenaba de risas,<br \/>la lengua de cantares. R\/.<\/p>\n<!-- \/wp:paragraph --><!-- wp:paragraph -->\n<p>Hasta los gentiles dec\u00edan:<br \/>\u00abEl Se\u00f1or ha estado grande con ellos.\u00bb<br \/>El Se\u00f1or ha estado grande con nosotros,<br \/>y estamos alegres. R\/.<\/p>\n<!-- \/wp:paragraph --><!-- wp:paragraph -->\n<p>Que el Se\u00f1or cambie nuestra suerte,<br \/>como los torrentes del Negueb.<br \/>Los que sembraban con l\u00e1grimas<br \/>cosechan entre cantares. R\/.<\/p>\n<!-- \/wp:paragraph --><!-- wp:paragraph -->\n<p>Al ir, iba llorando,<br \/>llevando la semilla;<br \/>al volver, vuelve cantando,<br \/>trayendo sus gavillas. R\/.<\/p>\n<!-- \/wp:paragraph --><!-- wp:heading -->\n<h3>Evangelio del d\u00eda<\/h3>\n<!-- \/wp:heading --><!-- wp:heading {\"level\":3} -->\n<h4>Lectura del santo evangelio seg\u00fan san Lucas 13, 18-21<\/h4>\n<!-- \/wp:heading --><!-- wp:paragraph -->\n<p>En aquel tiempo, dec\u00eda Jes\u00fas: \u00ab\u00bfA qu\u00e9 se parece el reino de Dios? \u00bfA qu\u00e9 lo comparar\u00e9? Se parece a un grano de mostaza que un hombre toma y siembra en su huerto; crece, se hace un arbusto y los p\u00e1jaros anidan en sus ramas.\u00bb<br \/>Y a\u00f1adi\u00f3: \u00ab\u00bfA qu\u00e9 comparar\u00e9 el reino de Dios? Se parece a la levadura que una mujer toma y mete en tres medidas de harina, hasta que todo fermenta.\u00bb<\/p>\n<!-- \/wp:paragraph -->\t\t\t\t\t\t<\/div>\n\t\t\t\t<\/div>\n\t\t\t\t\t<\/div>\n\t\t<\/div>\n\t\t\t\t\t\t\t<\/div>\n\t\t<\/section>\n\t\t\t\t\t\t<\/div>\n\t\t\t\t\t<\/div>\n\t\t","protected":false},"excerpt":{"rendered":"<p>Primera lectura Lectura de la carta del ap\u00f3stol san Pablo a los Romanos 8, 18-25 Sostengo que los sufrimientos de ahora no pesan lo que la gloria que un dia [&hellip;]<\/p>\n","protected":false},"author":2,"featured_media":0,"comment_status":"closed","ping_status":"closed","sticky":false,"template":"elementor_canvas","format":"standard","meta":{"om_disable_all_campaigns":false,"_monsterinsights_skip_tracking":false,"_monsterinsights_sitenote_active":false,"_monsterinsights_sitenote_note":"","_monsterinsights_sitenote_category":0,"site-sidebar-layout":"default","site-content-layout":"default","ast-site-content-layout":"","site-content-style":"default","site-sidebar-style":"default","ast-global-header-display":"","ast-banner-title-visibility":"","ast-main-header-display":"","ast-hfb-above-header-display":"","ast-hfb-below-header-display":"","ast-hfb-mobile-header-display":"","site-post-title":"","ast-breadcrumbs-content":"","ast-featured-img":"","footer-sml-layout":"","theme-transparent-header-meta":"default","adv-header-id-meta":"","stick-header-meta":"","header-above-stick-meta":"","header-main-stick-meta":"","header-below-stick-meta":"","astra-migrate-meta-layouts":"default","ast-page-background-enabled":"default","ast-page-background-meta":{"desktop":{"background-color":"","background-image":"","background-repeat":"repeat","background-position":"center center","background-size":"auto","background-attachment":"scroll","background-type":"","background-media":"","overlay-type":"","overlay-color":"","overlay-opacity":"","overlay-gradient":""},"tablet":{"background-color":"","background-image":"","background-repeat":"repeat","background-position":"center center","background-size":"auto","background-attachment":"scroll","background-type":"","background-media":"","overlay-type":"","overlay-color":"","overlay-opacity":"","overlay-gradient":""},"mobile":{"background-color":"","background-image":"","background-repeat":"repeat","background-position":"center center","background-size":"auto","background-attachment":"scroll","background-type":"","background-media":"","overlay-type":"","overlay-color":"","overlay-opacity":"","overlay-gradient":""}},"ast-content-background-meta":{"desktop":{"background-color":"var(--ast-global-color-5)","background-image":"","background-repeat":"repeat","background-position":"center center","background-size":"auto","background-attachment":"scroll","background-type":"","background-media":"","overlay-type":"","overlay-color":"","overlay-opacity":"","overlay-gradient":""},"tablet":{"background-color":"var(--ast-global-color-5)","background-image":"","background-repeat":"repeat","background-position":"center center","background-size":"auto","background-attachment":"scroll","background-type":"","background-media":"","overlay-type":"","overlay-color":"","overlay-opacity":"","overlay-gradient":""},"mobile":{"background-color":"var(--ast-global-color-5)","background-image":"","background-repeat":"repeat","background-position":"center center","background-size":"auto","background-attachment":"scroll","background-type":"","background-media":"","overlay-type":"","overlay-color":"","overlay-opacity":"","overlay-gradient":""}},"spay_email":"","footnotes":""},"categories":[1],"tags":[],"class_list":["post-1605","post","type-post","status-publish","format-standard","hentry","category-uncategorized"],"jetpack_featured_media_url":"","jetpack-related-posts":[{"id":1400,"url":"https:\/\/cofradiasantorosario.org.gt\/index.php\/2021\/09\/21\/1400\/","url_meta":{"origin":1605,"position":0},"title":"Primera lectura Lectura del Libro\u2026","date":"septiembre 21, 2021","format":false,"excerpt":"Primera lectura Lectura del Libro del G\u00e9nesis 2, 18-24 El Se\u00f1or Dios se dijo:\u00abNo es bueno que el hombre est\u00e9 solo; voy a hacerle a alguien como \u00e9l, que le ayude\u00bb. Entonces el Se\u00f1or Dios model\u00f3 de la tierra todas las bestias del campo y todos los p\u00e1jaros del cielo,\u2026","rel":"","context":"Similar post","img":{"alt_text":"","src":"","width":0,"height":0},"classes":[]},{"id":1600,"url":"https:\/\/cofradiasantorosario.org.gt\/index.php\/2021\/09\/23\/1600\/","url_meta":{"origin":1605,"position":1},"title":"Primera lectura Lectura del Profeta\u2026","date":"septiembre 23, 2021","format":false,"excerpt":"Primera lectura Lectura del Profeta Jerem\u00edas 31, 7-9 Esto dice el Se\u00f1or:Gritad de alegr\u00eda por Jacob, regocijaos por el mejor de los pueblos; proclamad, alabad y decid: el Se\u00f1or ha salvado a su pueblo, al resto de Israel.Mirad que yo os traer\u00e9 del pa\u00eds del Norte, os congregar\u00e9 de los\u2026","rel":"","context":"Similar post","img":{"alt_text":"","src":"","width":0,"height":0},"classes":[]},{"id":1611,"url":"https:\/\/cofradiasantorosario.org.gt\/index.php\/2021\/09\/23\/1611\/","url_meta":{"origin":1605,"position":2},"title":"Primera lectura Lectura de la\u2026","date":"septiembre 23, 2021","format":false,"excerpt":"Primera lectura Lectura de la carta del ap\u00f3stol san Pablo a los Romanos 9,1-5 \u201cDigo la verdad en Cristo; mi conciencia, iluminada por el Esp\u00edritu Santo, me asegura que no miento. Siento una gran pena y un dolor incesante en mi coraz\u00f3n, pues por el bien de mis hermanos, los\u2026","rel":"","context":"Similar post","img":{"alt_text":"","src":"","width":0,"height":0},"classes":[]},{"id":1567,"url":"https:\/\/cofradiasantorosario.org.gt\/index.php\/2021\/09\/23\/1567\/","url_meta":{"origin":1605,"position":3},"title":"Primera lectura Lectura de la\u2026","date":"septiembre 23, 2021","format":false,"excerpt":"Primera lectura Lectura de la carta del ap\u00f3stol san Pablo a los Romanos 6, 19-23 Uso un lenguaje corriente, adapt\u00e1ndome a vuestra debilidad, propia de hombres; quiero decir esto: si antes cedisteis vuestros miembros como esclavos a la inmoralidad y al desorden, para el desorden total, ponedlos ahora al servicio\u2026","rel":"","context":"Similar post","img":{"alt_text":"","src":"","width":0,"height":0},"classes":[]},{"id":1602,"url":"https:\/\/cofradiasantorosario.org.gt\/index.php\/2021\/09\/23\/1602\/","url_meta":{"origin":1605,"position":4},"title":"Primera lectura Lectura de la\u2026","date":"septiembre 23, 2021","format":false,"excerpt":"Primera lectura Lectura de la carta del ap\u00f3stol san Pablo a los Romanos 8,12-17 Estamos en deuda, pero no con la carne para vivir carnalmente. Pues si viv\u00eds seg\u00fan la carne, vais a la muerte; pero si con el Esp\u00edritu dais muerte a las obras del cuerpo, vivir\u00e9is. Los que\u2026","rel":"","context":"Similar post","img":{"alt_text":"","src":"","width":0,"height":0},"classes":[]},{"id":1530,"url":"https:\/\/cofradiasantorosario.org.gt\/index.php\/2021\/09\/22\/1530\/","url_meta":{"origin":1605,"position":5},"title":"Primera lectura Lectura de la\u2026","date":"septiembre 22, 2021","format":false,"excerpt":"Primera lectura Lectura de la carta del ap\u00f3stol san Pablo a los Romanos 4,13. 16-18 No fue la observancia de la Ley, sino la justificaci\u00f3n obtenida por la fe, la que obtuvo para Abrah\u00e1n y su descendencia la promesa de heredar el mundo. Por eso, como todo depende de la\u2026","rel":"","context":"Similar post","img":{"alt_text":"","src":"","width":0,"height":0},"classes":[]}],"_links":{"self":[{"href":"https:\/\/cofradiasantorosario.org.gt\/index.php\/wp-json\/wp\/v2\/posts\/1605","targetHints":{"allow":["GET"]}}],"collection":[{"href":"https:\/\/cofradiasantorosario.org.gt\/index.php\/wp-json\/wp\/v2\/posts"}],"about":[{"href":"https:\/\/cofradiasantorosario.org.gt\/index.php\/wp-json\/wp\/v2\/types\/post"}],"author":[{"embeddable":true,"href":"https:\/\/cofradiasantorosario.org.gt\/index.php\/wp-json\/wp\/v2\/users\/2"}],"replies":[{"embeddable":true,"href":"https:\/\/cofradiasantorosario.org.gt\/index.php\/wp-json\/wp\/v2\/comments?post=1605"}],"version-history":[{"count":4,"href":"https:\/\/cofradiasantorosario.org.gt\/index.php\/wp-json\/wp\/v2\/posts\/1605\/revisions"}],"predecessor-version":[{"id":1635,"href":"https:\/\/cofradiasantorosario.org.gt\/index.php\/wp-json\/wp\/v2\/posts\/1605\/revisions\/1635"}],"wp:attachment":[{"href":"https:\/\/cofradiasantorosario.org.gt\/index.php\/wp-json\/wp\/v2\/media?parent=1605"}],"wp:term":[{"taxonomy":"category","embeddable":true,"href":"https:\/\/cofradiasantorosario.org.gt\/index.php\/wp-json\/wp\/v2\/categories?post=1605"},{"taxonomy":"post_tag","embeddable":true,"href":"https:\/\/cofradiasantorosario.org.gt\/index.php\/wp-json\/wp\/v2\/tags?post=1605"}],"curies":[{"name":"wp","href":"https:\/\/api.w.org\/{rel}","templated":true}]}}