{"id":1602,"date":"2021-09-23T13:51:04","date_gmt":"2021-09-23T19:51:04","guid":{"rendered":"https:\/\/cofradiasantorosario.org.gt\/?p=1602"},"modified":"2021-09-23T14:04:39","modified_gmt":"2021-09-23T20:04:39","slug":"1602","status":"publish","type":"post","link":"https:\/\/cofradiasantorosario.org.gt\/index.php\/2021\/09\/23\/1602\/","title":{"rendered":""},"content":{"rendered":"\t\t<div data-elementor-type=\"wp-post\" data-elementor-id=\"1602\" class=\"elementor elementor-1602\" data-elementor-settings=\"[]\">\n\t\t\t\t\t\t\t<div class=\"elementor-section-wrap\">\n\t\t\t\t\t\t\t<section class=\"elementor-section elementor-top-section elementor-element elementor-element-2deab94 elementor-section-boxed elementor-section-height-default elementor-section-height-default\" data-id=\"2deab94\" data-element_type=\"section\">\n\t\t\t\t\t\t<div class=\"elementor-container elementor-column-gap-default\">\n\t\t\t\t\t<div class=\"elementor-column elementor-col-100 elementor-top-column elementor-element elementor-element-f3a4eed\" data-id=\"f3a4eed\" data-element_type=\"column\">\n\t\t\t<div class=\"elementor-widget-wrap elementor-element-populated\">\n\t\t\t\t\t\t\t\t<div class=\"elementor-element elementor-element-10fdd99 elementor-widget elementor-widget-image\" data-id=\"10fdd99\" data-element_type=\"widget\" data-widget_type=\"image.default\">\n\t\t\t\t<div class=\"elementor-widget-container\">\n\t\t\t\t\t\t\t\t\t\t\t\t\t\t\t<img loading=\"lazy\" decoding=\"async\" width=\"300\" height=\"164\" src=\"https:\/\/i2.wp.com\/cofradiasantorosario.org.gt\/wp-content\/uploads\/2021\/09\/LOGO-COFRADIA-2.png?fit=300%2C164&amp;ssl=1\" class=\"attachment-medium size-medium\" alt=\"\" srcset=\"https:\/\/i2.wp.com\/cofradiasantorosario.org.gt\/wp-content\/uploads\/2021\/09\/LOGO-COFRADIA-2.png?w=495&amp;ssl=1 495w, https:\/\/i2.wp.com\/cofradiasantorosario.org.gt\/wp-content\/uploads\/2021\/09\/LOGO-COFRADIA-2.png?resize=300%2C164&amp;ssl=1 300w\" sizes=\"auto, (max-width: 300px) 100vw, 300px\" \/>\t\t\t\t\t\t\t\t\t\t\t\t\t\t\t<\/div>\n\t\t\t\t<\/div>\n\t\t\t\t\t<\/div>\n\t\t<\/div>\n\t\t\t\t\t\t\t<\/div>\n\t\t<\/section>\n\t\t\t\t<section class=\"elementor-section elementor-top-section elementor-element elementor-element-1999e444 elementor-section-boxed elementor-section-height-default elementor-section-height-default\" data-id=\"1999e444\" data-element_type=\"section\">\n\t\t\t\t\t\t<div class=\"elementor-container elementor-column-gap-default\">\n\t\t\t\t\t<div class=\"elementor-column elementor-col-100 elementor-top-column elementor-element elementor-element-7df61902\" data-id=\"7df61902\" data-element_type=\"column\">\n\t\t\t<div class=\"elementor-widget-wrap elementor-element-populated\">\n\t\t\t\t\t\t\t\t<div class=\"elementor-element elementor-element-a742dd5 elementor-widget elementor-widget-text-editor\" data-id=\"a742dd5\" data-element_type=\"widget\" data-widget_type=\"text-editor.default\">\n\t\t\t\t<div class=\"elementor-widget-container\">\n\t\t\t\t\t\t\t<!-- wp:heading -->\n<h3>Primera lectura<\/h3>\n<!-- \/wp:heading --><!-- wp:heading {\"level\":3} -->\n<h4>Lectura de la carta del ap\u00f3stol san Pablo a los Romanos 8,12-17<\/h4>\n<!-- \/wp:heading --><!-- wp:paragraph -->\n<p>Estamos en deuda, pero no con la carne para vivir carnalmente. Pues si viv\u00eds seg\u00fan la carne, vais a la muerte; pero si con el Esp\u00edritu dais muerte a las obras del cuerpo, vivir\u00e9is. Los que se dejan llevar por el Esp\u00edritu de Dios, \u00e9sos son hijos de Dios. Hab\u00e9is recibido, no un esp\u00edritu de esclavitud, para recaer en el temor, sino un esp\u00edritu de hijos adoptivos, que nos hace gritar: \u00ab\u00a1Abba!\u00bb (Padre). Ese Esp\u00edritu y nuestro esp\u00edritu dan un testimonio concorde: que somos hijos de Dios; y, si somos hijos, tambi\u00e9n herederos; herederos de Dios y coherederos con Cristo, ya que sufrimos con \u00e9l para ser tambi\u00e9n con \u00e9l glorificados.<\/p>\n<p>\u00a0<\/p>\n<!-- \/wp:paragraph --><!-- wp:heading -->\n<h3>Salmo<\/h3>\n<!-- \/wp:heading --><!-- wp:heading {\"level\":3} -->\n<h4>Sal 67,2.4.6-7ab.20-21 R\/. Nuestro Dios es un Dios que salva<\/h4>\n<!-- \/wp:heading --><!-- wp:paragraph -->\n<p>Se levanta Dios, y se dispersan sus enemigos,<br \/>huyen de su presencia los que lo odian.<br \/>En cambio, los justos se alegran,<br \/>gozan en la presencia de Dios, rebosando de alegr\u00eda. R\/.<\/p>\n<!-- \/wp:paragraph --><!-- wp:paragraph -->\n<p>Padre de hu\u00e9rfanos, protector de viudas,<br \/>Dios vive en su santa morada.<br \/>Dios prepara casa a los desvalidos,<br \/>libera a los cautivos y los enriquece. R\/.<\/p>\n<!-- \/wp:paragraph --><!-- wp:paragraph -->\n<p>Bendito el Se\u00f1or cada d\u00eda,<br \/>Dios lleva nuestras cargas, es nuestra salvaci\u00f3n.<br \/>Nuestro Dios es un Dios que salva,<br \/>el Se\u00f1or Dios nos hace escapar de la muerte. R\/.<\/p>\n<p>\u00a0<\/p>\n<!-- \/wp:paragraph --><!-- wp:heading -->\n<h3>Evangelio del d\u00eda<\/h3>\n<!-- \/wp:heading --><!-- wp:heading {\"level\":3} -->\n<h4>Lectura del santo evangelio seg\u00fan san Lucas 13,10-17<\/h4>\n<!-- \/wp:heading --><!-- wp:paragraph -->\n<p>Un s\u00e1bado, ense\u00f1aba Jes\u00fas en una sinagoga. Hab\u00eda una mujer que desde hac\u00eda dieciocho a\u00f1os estaba enferma por causa de un esp\u00edritu, y andaba encorvada, sin poderse enderezar.<br \/>Al verla, Jes\u00fas la llam\u00f3 y le dijo: \u00abMujer, quedas libre de tu enfermedad.\u00bb Le impuso las manos, y en seguida se puso derecha. Y glorificaba a Dios.<br \/>Pero el jefe de la sinagoga, indignado porque Jes\u00fas hab\u00eda curado en s\u00e1bado, dijo a la gente: \u00abSeis d\u00edas ten\u00e9is para trabajar; venid esos d\u00edas a que os curen, y no los s\u00e1bados.\u00bb<br \/>Pero el Se\u00f1or, dirigi\u00e9ndose a \u00e9l, dijo: \u00abHip\u00f3critas: cualquiera de vosotros, \u00bfno desata del pesebre al buey o al burro y lo lleva a abrevar, aunque sea s\u00e1bado? Y a \u00e9sta, que es hija de Abrah\u00e1n, y que Satan\u00e1s ha tenido atada dieciocho a\u00f1os, \u00bfno hab\u00eda que soltarla en s\u00e1bado?\u00bb<br \/>A estas palabras, sus enemigos quedaron abochornados, y toda la gente se alegraba de los milagros que hac\u00eda.<\/p>\n<!-- \/wp:paragraph -->\t\t\t\t\t\t<\/div>\n\t\t\t\t<\/div>\n\t\t\t\t\t<\/div>\n\t\t<\/div>\n\t\t\t\t\t\t\t<\/div>\n\t\t<\/section>\n\t\t\t\t\t\t<\/div>\n\t\t\t\t\t<\/div>\n\t\t","protected":false},"excerpt":{"rendered":"<p>Primera lectura Lectura de la carta del ap\u00f3stol san Pablo a los Romanos 8,12-17 Estamos en deuda, pero no con la carne para vivir carnalmente. Pues si viv\u00eds seg\u00fan la [&hellip;]<\/p>\n","protected":false},"author":2,"featured_media":0,"comment_status":"closed","ping_status":"closed","sticky":false,"template":"elementor_canvas","format":"standard","meta":{"om_disable_all_campaigns":false,"_monsterinsights_skip_tracking":false,"_monsterinsights_sitenote_active":false,"_monsterinsights_sitenote_note":"","_monsterinsights_sitenote_category":0,"site-sidebar-layout":"default","site-content-layout":"default","ast-site-content-layout":"","site-content-style":"default","site-sidebar-style":"default","ast-global-header-display":"","ast-banner-title-visibility":"","ast-main-header-display":"","ast-hfb-above-header-display":"","ast-hfb-below-header-display":"","ast-hfb-mobile-header-display":"","site-post-title":"","ast-breadcrumbs-content":"","ast-featured-img":"","footer-sml-layout":"","theme-transparent-header-meta":"default","adv-header-id-meta":"","stick-header-meta":"","header-above-stick-meta":"","header-main-stick-meta":"","header-below-stick-meta":"","astra-migrate-meta-layouts":"default","ast-page-background-enabled":"default","ast-page-background-meta":{"desktop":{"background-color":"","background-image":"","background-repeat":"repeat","background-position":"center center","background-size":"auto","background-attachment":"scroll","background-type":"","background-media":"","overlay-type":"","overlay-color":"","overlay-opacity":"","overlay-gradient":""},"tablet":{"background-color":"","background-image":"","background-repeat":"repeat","background-position":"center center","background-size":"auto","background-attachment":"scroll","background-type":"","background-media":"","overlay-type":"","overlay-color":"","overlay-opacity":"","overlay-gradient":""},"mobile":{"background-color":"","background-image":"","background-repeat":"repeat","background-position":"center center","background-size":"auto","background-attachment":"scroll","background-type":"","background-media":"","overlay-type":"","overlay-color":"","overlay-opacity":"","overlay-gradient":""}},"ast-content-background-meta":{"desktop":{"background-color":"var(--ast-global-color-5)","background-image":"","background-repeat":"repeat","background-position":"center center","background-size":"auto","background-attachment":"scroll","background-type":"","background-media":"","overlay-type":"","overlay-color":"","overlay-opacity":"","overlay-gradient":""},"tablet":{"background-color":"var(--ast-global-color-5)","background-image":"","background-repeat":"repeat","background-position":"center center","background-size":"auto","background-attachment":"scroll","background-type":"","background-media":"","overlay-type":"","overlay-color":"","overlay-opacity":"","overlay-gradient":""},"mobile":{"background-color":"var(--ast-global-color-5)","background-image":"","background-repeat":"repeat","background-position":"center center","background-size":"auto","background-attachment":"scroll","background-type":"","background-media":"","overlay-type":"","overlay-color":"","overlay-opacity":"","overlay-gradient":""}},"spay_email":"","footnotes":""},"categories":[1],"tags":[],"class_list":["post-1602","post","type-post","status-publish","format-standard","hentry","category-uncategorized"],"jetpack_featured_media_url":"","jetpack-related-posts":[{"id":1571,"url":"https:\/\/cofradiasantorosario.org.gt\/index.php\/2021\/09\/23\/1571\/","url_meta":{"origin":1602,"position":0},"title":"Primera lectura Lectura de la\u2026","date":"septiembre 23, 2021","format":false,"excerpt":"Primera lectura Lectura de la carta del ap\u00f3stol san Pablo a los Romanos 8, 1-11. Ahora no pesa condena alguna sobre los que est\u00e1n unidos a Cristo Jes\u00fas, pues, por la uni\u00f3n con Cristo Jes\u00fas, la ley del Esp\u00edritu de vida me ha librado de la ley del pecado y\u2026","rel":"","context":"Similar post","img":{"alt_text":"","src":"","width":0,"height":0},"classes":[]},{"id":1607,"url":"https:\/\/cofradiasantorosario.org.gt\/index.php\/2021\/09\/23\/1607\/","url_meta":{"origin":1602,"position":1},"title":"Primera lectura Lectura de la\u2026","date":"septiembre 23, 2021","format":false,"excerpt":"Primera lectura Lectura de la carta del ap\u00f3stol san Pablo a los Romanos 8,26-30: El Esp\u00edritu viene en ayuda de nuestra debilidad, porque nosotros no sabemos pedir lo que nos conviene, pero el Esp\u00edritu mismo intercede por nosotros con gemidos inefables. Y el que escudri\u00f1a los corazones sabe cu\u00e1l es\u2026","rel":"","context":"Similar post","img":{"alt_text":"","src":"","width":0,"height":0},"classes":[]},{"id":1530,"url":"https:\/\/cofradiasantorosario.org.gt\/index.php\/2021\/09\/22\/1530\/","url_meta":{"origin":1602,"position":2},"title":"Primera lectura Lectura de la\u2026","date":"septiembre 22, 2021","format":false,"excerpt":"Primera lectura Lectura de la carta del ap\u00f3stol san Pablo a los Romanos 4,13. 16-18 No fue la observancia de la Ley, sino la justificaci\u00f3n obtenida por la fe, la que obtuvo para Abrah\u00e1n y su descendencia la promesa de heredar el mundo. Por eso, como todo depende de la\u2026","rel":"","context":"Similar post","img":{"alt_text":"","src":"","width":0,"height":0},"classes":[]},{"id":1611,"url":"https:\/\/cofradiasantorosario.org.gt\/index.php\/2021\/09\/23\/1611\/","url_meta":{"origin":1602,"position":3},"title":"Primera lectura Lectura de la\u2026","date":"septiembre 23, 2021","format":false,"excerpt":"Primera lectura Lectura de la carta del ap\u00f3stol san Pablo a los Romanos 9,1-5 \u201cDigo la verdad en Cristo; mi conciencia, iluminada por el Esp\u00edritu Santo, me asegura que no miento. Siento una gran pena y un dolor incesante en mi coraz\u00f3n, pues por el bien de mis hermanos, los\u2026","rel":"","context":"Similar post","img":{"alt_text":"","src":"","width":0,"height":0},"classes":[]},{"id":1513,"url":"https:\/\/cofradiasantorosario.org.gt\/index.php\/2021\/09\/22\/1513\/","url_meta":{"origin":1602,"position":4},"title":"Primera lectura Comienzo de la\u2026","date":"septiembre 22, 2021","format":false,"excerpt":"Primera lectura Comienzo de la carta del ap\u00f3stol san Pablo a los Romanos (1,1-7) Pablo, sirvo de Cristo Jes\u00fas, llamado a ser ap\u00f3stol, escogido para anunciar el Evangelio de Dios. Este Evangelio, prometido ya por sus profetas en las Escrituras santas, se refiere a su Hijo, nacido, seg\u00fan la carne,\u2026","rel":"","context":"Similar post","img":{"alt_text":"","src":"","width":0,"height":0},"classes":[]},{"id":1605,"url":"https:\/\/cofradiasantorosario.org.gt\/index.php\/2021\/09\/23\/1605\/","url_meta":{"origin":1602,"position":5},"title":"Primera lectura Lectura de la\u2026","date":"septiembre 23, 2021","format":false,"excerpt":"Primera lectura Lectura de la carta del ap\u00f3stol san Pablo a los Romanos 8, 18-25 Sostengo que los sufrimientos de ahora no pesan lo que la gloria que un dia se nos descubrir\u00e1. Porque la creaci\u00f3n, expectante, est\u00e1 aguardando la plena manifestaci\u00f3n de los hijos de Dios; ella fue sometida\u2026","rel":"","context":"Similar post","img":{"alt_text":"","src":"","width":0,"height":0},"classes":[]}],"_links":{"self":[{"href":"https:\/\/cofradiasantorosario.org.gt\/index.php\/wp-json\/wp\/v2\/posts\/1602","targetHints":{"allow":["GET"]}}],"collection":[{"href":"https:\/\/cofradiasantorosario.org.gt\/index.php\/wp-json\/wp\/v2\/posts"}],"about":[{"href":"https:\/\/cofradiasantorosario.org.gt\/index.php\/wp-json\/wp\/v2\/types\/post"}],"author":[{"embeddable":true,"href":"https:\/\/cofradiasantorosario.org.gt\/index.php\/wp-json\/wp\/v2\/users\/2"}],"replies":[{"embeddable":true,"href":"https:\/\/cofradiasantorosario.org.gt\/index.php\/wp-json\/wp\/v2\/comments?post=1602"}],"version-history":[{"count":4,"href":"https:\/\/cofradiasantorosario.org.gt\/index.php\/wp-json\/wp\/v2\/posts\/1602\/revisions"}],"predecessor-version":[{"id":1632,"href":"https:\/\/cofradiasantorosario.org.gt\/index.php\/wp-json\/wp\/v2\/posts\/1602\/revisions\/1632"}],"wp:attachment":[{"href":"https:\/\/cofradiasantorosario.org.gt\/index.php\/wp-json\/wp\/v2\/media?parent=1602"}],"wp:term":[{"taxonomy":"category","embeddable":true,"href":"https:\/\/cofradiasantorosario.org.gt\/index.php\/wp-json\/wp\/v2\/categories?post=1602"},{"taxonomy":"post_tag","embeddable":true,"href":"https:\/\/cofradiasantorosario.org.gt\/index.php\/wp-json\/wp\/v2\/tags?post=1602"}],"curies":[{"name":"wp","href":"https:\/\/api.w.org\/{rel}","templated":true}]}}