{"id":1600,"date":"2021-09-23T13:46:32","date_gmt":"2021-09-23T19:46:32","guid":{"rendered":"https:\/\/cofradiasantorosario.org.gt\/?p=1600"},"modified":"2021-09-23T14:03:35","modified_gmt":"2021-09-23T20:03:35","slug":"1600","status":"publish","type":"post","link":"https:\/\/cofradiasantorosario.org.gt\/index.php\/2021\/09\/23\/1600\/","title":{"rendered":""},"content":{"rendered":"\t\t<div data-elementor-type=\"wp-post\" data-elementor-id=\"1600\" class=\"elementor elementor-1600\" data-elementor-settings=\"[]\">\n\t\t\t\t\t\t\t<div class=\"elementor-section-wrap\">\n\t\t\t\t\t\t\t<section class=\"elementor-section elementor-top-section elementor-element elementor-element-5796f95 elementor-section-boxed elementor-section-height-default elementor-section-height-default\" data-id=\"5796f95\" data-element_type=\"section\">\n\t\t\t\t\t\t<div class=\"elementor-container elementor-column-gap-default\">\n\t\t\t\t\t<div class=\"elementor-column elementor-col-100 elementor-top-column elementor-element elementor-element-98bf4e6\" data-id=\"98bf4e6\" data-element_type=\"column\">\n\t\t\t<div class=\"elementor-widget-wrap elementor-element-populated\">\n\t\t\t\t\t\t\t\t<div class=\"elementor-element elementor-element-193edfa elementor-widget elementor-widget-image\" data-id=\"193edfa\" data-element_type=\"widget\" data-widget_type=\"image.default\">\n\t\t\t\t<div class=\"elementor-widget-container\">\n\t\t\t\t\t\t\t\t\t\t\t\t\t\t\t<img loading=\"lazy\" decoding=\"async\" width=\"300\" height=\"164\" src=\"https:\/\/i2.wp.com\/cofradiasantorosario.org.gt\/wp-content\/uploads\/2021\/09\/LOGO-COFRADIA-2.png?fit=300%2C164&amp;ssl=1\" class=\"attachment-medium size-medium\" alt=\"\" srcset=\"https:\/\/i2.wp.com\/cofradiasantorosario.org.gt\/wp-content\/uploads\/2021\/09\/LOGO-COFRADIA-2.png?w=495&amp;ssl=1 495w, https:\/\/i2.wp.com\/cofradiasantorosario.org.gt\/wp-content\/uploads\/2021\/09\/LOGO-COFRADIA-2.png?resize=300%2C164&amp;ssl=1 300w\" sizes=\"auto, (max-width: 300px) 100vw, 300px\" \/>\t\t\t\t\t\t\t\t\t\t\t\t\t\t\t<\/div>\n\t\t\t\t<\/div>\n\t\t\t\t\t<\/div>\n\t\t<\/div>\n\t\t\t\t\t\t\t<\/div>\n\t\t<\/section>\n\t\t\t\t<section class=\"elementor-section elementor-top-section elementor-element elementor-element-2244a43a elementor-section-boxed elementor-section-height-default elementor-section-height-default\" data-id=\"2244a43a\" data-element_type=\"section\">\n\t\t\t\t\t\t<div class=\"elementor-container elementor-column-gap-default\">\n\t\t\t\t\t<div class=\"elementor-column elementor-col-100 elementor-top-column elementor-element elementor-element-725ebe21\" data-id=\"725ebe21\" data-element_type=\"column\">\n\t\t\t<div class=\"elementor-widget-wrap elementor-element-populated\">\n\t\t\t\t\t\t\t\t<div class=\"elementor-element elementor-element-41afa896 elementor-widget elementor-widget-text-editor\" data-id=\"41afa896\" data-element_type=\"widget\" data-widget_type=\"text-editor.default\">\n\t\t\t\t<div class=\"elementor-widget-container\">\n\t\t\t\t\t\t\t<!-- wp:heading -->\n<h3>Primera lectura<\/h3>\n<!-- \/wp:heading --><!-- wp:heading {\"level\":3} -->\n<h4>Lectura del Profeta Jerem\u00edas 31, 7-9<\/h4>\n<!-- \/wp:heading --><!-- wp:paragraph -->\n<p>Esto dice el Se\u00f1or:<br \/>Gritad de alegr\u00eda por Jacob, regocijaos por el mejor de los pueblos; proclamad, alabad y decid: el Se\u00f1or ha salvado a su pueblo, al resto de Israel.<br \/>Mirad que yo os traer\u00e9 del pa\u00eds del Norte, os congregar\u00e9 de los confines de la tierra.<br \/>Entre ellos hay ciegos y cojos, pre\u00f1adas y paridas: una gran multitud retorna.<br \/>Se marcharon llorando, los guiar\u00e9 entre consuelos; los llevar\u00e9 a torrentes de agua, por un camino llano en que no tropezar\u00e1n.<br \/>Ser\u00e9 un padre para Israel, Efra\u00edn ser\u00e1 mi primog\u00e9nito.<\/p>\n<p>\u00a0<\/p>\n<!-- \/wp:paragraph --><!-- wp:heading -->\n<h3>Salmo<\/h3>\n<!-- \/wp:heading --><!-- wp:heading {\"level\":3} -->\n<h4>Sal. 125, 1-2ab. 2cd-3. 4-5. 6 R: El Se\u00f1or ha estado grande con nosotros, y estamos alegres.<\/h4>\n<!-- \/wp:heading --><!-- wp:paragraph -->\n<p>Cuando el Se\u00f1or cambi\u00f3 la suerte de Si\u00f3n,<br \/>nos parec\u00eda so\u00f1ar:<br \/>La boca se nos llenaba de risas,<br \/>la lengua de cantares.<\/p>\n<!-- \/wp:paragraph --><!-- wp:paragraph -->\n<p>Hasta los gentiles dec\u00edan:<br \/>\u00abEl Se\u00f1or ha estado grande con ellos.\u00bb<br \/>El Se\u00f1or ha estado grande con nosotros,<br \/>y estamos alegres.<\/p>\n<!-- \/wp:paragraph --><!-- wp:paragraph -->\n<p>Que el Se\u00f1or cambie nuestra suerte,<br \/>como los torrentes del Negueb.<br \/>Los que sembraban con l\u00e1grimas,<br \/>cosechan entre cantares.<\/p>\n<!-- \/wp:paragraph --><!-- wp:paragraph -->\n<p>Al ir, iba llorando,<br \/>llevando la semilla;<br \/>Al volver, vuelve cantando,<br \/>trayendo sus gavillas.<\/p>\n<p>\u00a0<\/p>\n<!-- \/wp:paragraph --><!-- wp:heading -->\n<h3>Segunda lectura<\/h3>\n<!-- \/wp:heading --><!-- wp:heading {\"level\":3} -->\n<h4>Lectura de la carta a los Hebreos 5, 1-6<\/h4>\n<!-- \/wp:heading --><!-- wp:paragraph -->\n<p>Hermanos: El Sumo Sacerdote, escogido entre los hombres, est\u00e1 puesto para representar a los hombres en el culto a Dios: para ofrecer dones y sacrificios por los pecados.<br \/>\u00c9l puede comprender a los ignorantes y extraviados, ya que \u00e9l mismo est\u00e1 envuelto en debilidades.<br \/>A causa de ellas tiene que ofrecer sacrificios por sus propios pecados, como por los del pueblo.<br \/>Nadie puede arrogarse este honor: Dios es quien llama, como en el caso de Aar\u00f3n.<br \/>Tampoco Cristo se confiri\u00f3 a s\u00ed mismo la dignidad de Sumo Sacerdote, sino Aquel que le dijo: \u00abT\u00fa eres mi hijo, yo te he engendrado hoy\u00bb, o como dice otro pasaje de la Escritura: \u00abT\u00fa eres Sacerdote eterno, seg\u00fan el rito de Melquisedec.\u00bb<\/p>\n<p>\u00a0<\/p>\n<!-- \/wp:paragraph --><!-- wp:heading -->\n<h3>Evangelio del d\u00eda<\/h3>\n<!-- \/wp:heading --><!-- wp:heading {\"level\":3} -->\n<h4>Lectura del santo evangelio seg\u00fan san Marcos 10,46-52<\/h4>\n<!-- \/wp:heading --><!-- wp:paragraph -->\n<p>En aquel tiempo, al salir Jes\u00fas de Jeric\u00f3 con sus disc\u00edpulos y bastante gente, el ciego Bartimeo (el hijo de Timeo) estaba sentado al borde del camino pidiendo limosa. Al o\u00edr que era Jes\u00fas Nazareno, empez\u00f3 a gritar:<br \/>\u2013Hijo de David, ten compasi\u00f3n de m\u00ed.<br \/>Muchos le rega\u00f1aban para que se callara. Pero \u00e9l gritaba m\u00e1s:<br \/>\u2013Hijo de David, ten compasi\u00f3n de m\u00ed.<br \/>Jes\u00fas se detuvo y dijo:<br \/>\u2013Llamadlo.<br \/>Llamaron al ciego dici\u00e9ndole:<br \/>\u2013\u00c1nimo, lev\u00e1ntate, que te llama.<br \/>Solt\u00f3 el manto, dio un salto y se acerc\u00f3 a Jes\u00fas.<br \/>Jes\u00fas le dijo:<br \/>\u2013\u00bfQu\u00e9 quieres que haga por ti?<br \/>El ciego le contest\u00f3:<br \/>\u2013Maestro, que pueda ver.<br \/>Jes\u00fas le dijo:<br \/>\u2013Anda, tu fe te ha curado.<br \/>Y al momento recobr\u00f3 la vista y lo segu\u00eda por el camino.<\/p>\n<!-- \/wp:paragraph -->\t\t\t\t\t\t<\/div>\n\t\t\t\t<\/div>\n\t\t\t\t\t<\/div>\n\t\t<\/div>\n\t\t\t\t\t\t\t<\/div>\n\t\t<\/section>\n\t\t\t\t\t\t<\/div>\n\t\t\t\t\t<\/div>\n\t\t","protected":false},"excerpt":{"rendered":"<p>Primera lectura Lectura del Profeta Jerem\u00edas 31, 7-9 Esto dice el Se\u00f1or:Gritad de alegr\u00eda por Jacob, regocijaos por el mejor de los pueblos; proclamad, alabad y decid: el Se\u00f1or ha [&hellip;]<\/p>\n","protected":false},"author":2,"featured_media":0,"comment_status":"closed","ping_status":"closed","sticky":false,"template":"elementor_canvas","format":"standard","meta":{"om_disable_all_campaigns":false,"_monsterinsights_skip_tracking":false,"_monsterinsights_sitenote_active":false,"_monsterinsights_sitenote_note":"","_monsterinsights_sitenote_category":0,"site-sidebar-layout":"default","site-content-layout":"default","ast-site-content-layout":"","site-content-style":"default","site-sidebar-style":"default","ast-global-header-display":"","ast-banner-title-visibility":"","ast-main-header-display":"","ast-hfb-above-header-display":"","ast-hfb-below-header-display":"","ast-hfb-mobile-header-display":"","site-post-title":"","ast-breadcrumbs-content":"","ast-featured-img":"","footer-sml-layout":"","theme-transparent-header-meta":"default","adv-header-id-meta":"","stick-header-meta":"","header-above-stick-meta":"","header-main-stick-meta":"","header-below-stick-meta":"","astra-migrate-meta-layouts":"default","ast-page-background-enabled":"default","ast-page-background-meta":{"desktop":{"background-color":"","background-image":"","background-repeat":"repeat","background-position":"center center","background-size":"auto","background-attachment":"scroll","background-type":"","background-media":"","overlay-type":"","overlay-color":"","overlay-opacity":"","overlay-gradient":""},"tablet":{"background-color":"","background-image":"","background-repeat":"repeat","background-position":"center center","background-size":"auto","background-attachment":"scroll","background-type":"","background-media":"","overlay-type":"","overlay-color":"","overlay-opacity":"","overlay-gradient":""},"mobile":{"background-color":"","background-image":"","background-repeat":"repeat","background-position":"center center","background-size":"auto","background-attachment":"scroll","background-type":"","background-media":"","overlay-type":"","overlay-color":"","overlay-opacity":"","overlay-gradient":""}},"ast-content-background-meta":{"desktop":{"background-color":"var(--ast-global-color-5)","background-image":"","background-repeat":"repeat","background-position":"center center","background-size":"auto","background-attachment":"scroll","background-type":"","background-media":"","overlay-type":"","overlay-color":"","overlay-opacity":"","overlay-gradient":""},"tablet":{"background-color":"var(--ast-global-color-5)","background-image":"","background-repeat":"repeat","background-position":"center center","background-size":"auto","background-attachment":"scroll","background-type":"","background-media":"","overlay-type":"","overlay-color":"","overlay-opacity":"","overlay-gradient":""},"mobile":{"background-color":"var(--ast-global-color-5)","background-image":"","background-repeat":"repeat","background-position":"center center","background-size":"auto","background-attachment":"scroll","background-type":"","background-media":"","overlay-type":"","overlay-color":"","overlay-opacity":"","overlay-gradient":""}},"spay_email":"","footnotes":""},"categories":[1],"tags":[],"class_list":["post-1600","post","type-post","status-publish","format-standard","hentry","category-uncategorized"],"jetpack_featured_media_url":"","jetpack-related-posts":[{"id":1521,"url":"https:\/\/cofradiasantorosario.org.gt\/index.php\/2021\/09\/22\/1521\/","url_meta":{"origin":1600,"position":0},"title":"Primera lectura Lectura del primer\u2026","date":"septiembre 22, 2021","format":false,"excerpt":"Primera lectura Lectura del primer libro de las Cr\u00f3nicas 15, 3-4. 15-16; 16, 1-2 En aquellos d\u00edas, David congreg\u00f3 en Jerusal\u00e9n a todo Israel para subir el Arca del Se\u00f1or al lugar que le hab\u00eda preparado. Reuni\u00f3 tambi\u00e9n a los hijos de Aar\u00f3n y a los levitas. Luego los levitas\u2026","rel":"","context":"Similar post","img":{"alt_text":"","src":"","width":0,"height":0},"classes":[]},{"id":1613,"url":"https:\/\/cofradiasantorosario.org.gt\/index.php\/2021\/09\/23\/1613\/","url_meta":{"origin":1600,"position":1},"title":"Primera lectura Lectura de la\u2026","date":"septiembre 23, 2021","format":false,"excerpt":"Primera lectura Lectura de la carta del ap\u00f3stol san Pablo a los Romanos 11,1-2a.11-12.25-29 \u00bfHabr\u00e1 Dios desechado a su pueblo? De ning\u00fan modo. Tambi\u00e9n yo soy israelita, descendiente de Abrah\u00e1n, de la tribu de Benjam\u00edn. Dios no ha desechado al pueblo que \u00e9l eligi\u00f3. Pregunto ahora: \u00bfHan ca\u00eddo para no\u2026","rel":"","context":"Similar post","img":{"alt_text":"","src":"","width":0,"height":0},"classes":[]},{"id":1555,"url":"https:\/\/cofradiasantorosario.org.gt\/index.php\/2021\/09\/23\/1555\/","url_meta":{"origin":1600,"position":2},"title":"Primera lectura Lectura de la\u2026","date":"septiembre 23, 2021","format":false,"excerpt":"Primera lectura Lectura de la segunda carta del ap\u00f3stol san Pablo a Timoteo 4, 10-17b Dimas me ha dejado, enamorado de este mundo presente, y se ha marchado a Tesal\u00f3nica; Crescente se ha ido a Galacia; Tito, a Dalmacia; s\u00f3lo Lucas est\u00e1 conmigo. Coge a Marcos y tr\u00e1etelo contigo, ayuda\u2026","rel":"","context":"Similar post","img":{"alt_text":"","src":"","width":0,"height":0},"classes":[]},{"id":1216,"url":"https:\/\/cofradiasantorosario.org.gt\/index.php\/2021\/09\/20\/1216\/","url_meta":{"origin":1600,"position":3},"title":"Primera lectura Lectura del libro\u2026","date":"septiembre 20, 2021","format":false,"excerpt":"Primera lectura Lectura del libro de Baruc 1,15-22: Confesamos que el Se\u00f1or nuestro Dios es justo. Nosotros, en cambio, sentimos en este d\u00eda la verg\u00fcenza de la culpa. Nosotros, hombres de Jud\u00e1, vecinos de Jerusal\u00e9n, nuestros reyes y gobernantes, nuestros sacerdotes y profetas, lo mismo que nuestros antepasados, hemos pecado\u2026","rel":"","context":"In &quot;Religiosidad&quot;","img":{"alt_text":"","src":"","width":0,"height":0},"classes":[]},{"id":1528,"url":"https:\/\/cofradiasantorosario.org.gt\/index.php\/2021\/09\/22\/1528\/","url_meta":{"origin":1600,"position":4},"title":"Primera lectura Lectura del libro\u2026","date":"septiembre 22, 2021","format":false,"excerpt":"Primera lectura Lectura del libro del Eclesi\u00e1stico 15, 1-6 As\u00ed obra el que teme al Se\u00f1or, el que observa la ley alcanza la sabidur\u00eda.Ella le sale al encuentro como una madre y lo acoge como una joven esposa. Lo alimenta con pan de inteligencia y le da a beber agua\u2026","rel":"","context":"Similar post","img":{"alt_text":"","src":"","width":0,"height":0},"classes":[]},{"id":1615,"url":"https:\/\/cofradiasantorosario.org.gt\/index.php\/2021\/09\/23\/1615\/","url_meta":{"origin":1600,"position":5},"title":"Primera lectura Lectura del Libro\u2026","date":"septiembre 23, 2021","format":false,"excerpt":"Primera lectura Lectura del Libro del Deuteronomio 6, 2-6 Habl\u00f3 Mois\u00e9s al pueblo y le dijo:\u2013Teme al Se\u00f1or tu Dios, guardando todos los mandatos y preceptos que te manda, t\u00fa, tus hijos y tus nietos, mientras viv\u00e1is; as\u00ed prolongar\u00e1s tu vida. Esc\u00fachalo, Israel, y ponlo por obra para que te\u2026","rel":"","context":"Similar post","img":{"alt_text":"","src":"","width":0,"height":0},"classes":[]}],"_links":{"self":[{"href":"https:\/\/cofradiasantorosario.org.gt\/index.php\/wp-json\/wp\/v2\/posts\/1600","targetHints":{"allow":["GET"]}}],"collection":[{"href":"https:\/\/cofradiasantorosario.org.gt\/index.php\/wp-json\/wp\/v2\/posts"}],"about":[{"href":"https:\/\/cofradiasantorosario.org.gt\/index.php\/wp-json\/wp\/v2\/types\/post"}],"author":[{"embeddable":true,"href":"https:\/\/cofradiasantorosario.org.gt\/index.php\/wp-json\/wp\/v2\/users\/2"}],"replies":[{"embeddable":true,"href":"https:\/\/cofradiasantorosario.org.gt\/index.php\/wp-json\/wp\/v2\/comments?post=1600"}],"version-history":[{"count":4,"href":"https:\/\/cofradiasantorosario.org.gt\/index.php\/wp-json\/wp\/v2\/posts\/1600\/revisions"}],"predecessor-version":[{"id":1629,"href":"https:\/\/cofradiasantorosario.org.gt\/index.php\/wp-json\/wp\/v2\/posts\/1600\/revisions\/1629"}],"wp:attachment":[{"href":"https:\/\/cofradiasantorosario.org.gt\/index.php\/wp-json\/wp\/v2\/media?parent=1600"}],"wp:term":[{"taxonomy":"category","embeddable":true,"href":"https:\/\/cofradiasantorosario.org.gt\/index.php\/wp-json\/wp\/v2\/categories?post=1600"},{"taxonomy":"post_tag","embeddable":true,"href":"https:\/\/cofradiasantorosario.org.gt\/index.php\/wp-json\/wp\/v2\/tags?post=1600"}],"curies":[{"name":"wp","href":"https:\/\/api.w.org\/{rel}","templated":true}]}}