{"id":1571,"date":"2021-09-23T13:27:33","date_gmt":"2021-09-23T19:27:33","guid":{"rendered":"https:\/\/cofradiasantorosario.org.gt\/?p=1571"},"modified":"2021-09-23T13:45:17","modified_gmt":"2021-09-23T19:45:17","slug":"1571","status":"publish","type":"post","link":"https:\/\/cofradiasantorosario.org.gt\/index.php\/2021\/09\/23\/1571\/","title":{"rendered":""},"content":{"rendered":"\t\t<div data-elementor-type=\"wp-post\" data-elementor-id=\"1571\" class=\"elementor elementor-1571\" data-elementor-settings=\"[]\">\n\t\t\t\t\t\t\t<div class=\"elementor-section-wrap\">\n\t\t\t\t\t\t\t<section class=\"elementor-section elementor-top-section elementor-element elementor-element-c891283 elementor-section-boxed elementor-section-height-default elementor-section-height-default\" data-id=\"c891283\" data-element_type=\"section\">\n\t\t\t\t\t\t<div class=\"elementor-container elementor-column-gap-default\">\n\t\t\t\t\t<div class=\"elementor-column elementor-col-100 elementor-top-column elementor-element elementor-element-177a624\" data-id=\"177a624\" data-element_type=\"column\">\n\t\t\t<div class=\"elementor-widget-wrap elementor-element-populated\">\n\t\t\t\t\t\t\t\t<div class=\"elementor-element elementor-element-ff60464 elementor-widget elementor-widget-image\" data-id=\"ff60464\" data-element_type=\"widget\" data-widget_type=\"image.default\">\n\t\t\t\t<div class=\"elementor-widget-container\">\n\t\t\t\t\t\t\t\t\t\t\t\t\t\t\t<img loading=\"lazy\" decoding=\"async\" width=\"300\" height=\"164\" src=\"https:\/\/i2.wp.com\/cofradiasantorosario.org.gt\/wp-content\/uploads\/2021\/09\/LOGO-COFRADIA-2.png?fit=300%2C164&amp;ssl=1\" class=\"attachment-medium size-medium\" alt=\"\" srcset=\"https:\/\/i2.wp.com\/cofradiasantorosario.org.gt\/wp-content\/uploads\/2021\/09\/LOGO-COFRADIA-2.png?w=495&amp;ssl=1 495w, https:\/\/i2.wp.com\/cofradiasantorosario.org.gt\/wp-content\/uploads\/2021\/09\/LOGO-COFRADIA-2.png?resize=300%2C164&amp;ssl=1 300w\" sizes=\"auto, (max-width: 300px) 100vw, 300px\" \/>\t\t\t\t\t\t\t\t\t\t\t\t\t\t\t<\/div>\n\t\t\t\t<\/div>\n\t\t\t\t\t<\/div>\n\t\t<\/div>\n\t\t\t\t\t\t\t<\/div>\n\t\t<\/section>\n\t\t\t\t<section class=\"elementor-section elementor-top-section elementor-element elementor-element-b019694 elementor-section-boxed elementor-section-height-default elementor-section-height-default\" data-id=\"b019694\" data-element_type=\"section\">\n\t\t\t\t\t\t<div class=\"elementor-container elementor-column-gap-default\">\n\t\t\t\t\t<div class=\"elementor-column elementor-col-100 elementor-top-column elementor-element elementor-element-2d40ecc5\" data-id=\"2d40ecc5\" data-element_type=\"column\">\n\t\t\t<div class=\"elementor-widget-wrap elementor-element-populated\">\n\t\t\t\t\t\t\t\t<div class=\"elementor-element elementor-element-6f0371a elementor-widget elementor-widget-text-editor\" data-id=\"6f0371a\" data-element_type=\"widget\" data-widget_type=\"text-editor.default\">\n\t\t\t\t<div class=\"elementor-widget-container\">\n\t\t\t\t\t\t\t<!-- wp:heading -->\n<h3>Primera lectura<\/h3>\n<!-- \/wp:heading --><!-- wp:heading {\"level\":3} -->\n<h4>Lectura de la carta del ap\u00f3stol san Pablo a los Romanos 8, 1-11.<\/h4>\n<!-- \/wp:heading --><!-- wp:paragraph -->\n<p>Ahora no pesa condena alguna sobre los que est\u00e1n unidos a Cristo Jes\u00fas, pues, por la uni\u00f3n con Cristo Jes\u00fas, la ley del Esp\u00edritu de vida me ha librado de la ley del pecado y de la muerte. Lo que no pudo hacer la Ley, reducida a la impotencia por la carne, lo ha hecho Dios: envi\u00f3 a su Hijo encarnado en una carne pecadora como la nuestra, haci\u00e9ndolo v\u00edctima por el pecado, y en su carne conden\u00f3 el pecado. As\u00ed, la justicia que propon\u00eda la Ley puede realizarse en nosotros, que ya no procedemos dirigidos por la carne, sino por el Esp\u00edritu. Porque los que se dejan dirigir por la carne tienden a lo carnal; en cambio, los que se dejan dirigir por el Esp\u00edritu tienden a lo espiritual. Nuestra carne tiende a la muerte; el Esp\u00edritu, a la vida y a la paz. Porque la tendencia de la carne es rebelarse contra Dios; no s\u00f3lo no se somete a la ley de Dios, ni siquiera lo puede. Los que viven sujetos a la carne no pueden agradar a Dios. Pero vosotros no est\u00e1is sujetos a la carne, sino al esp\u00edritu, ya que el Esp\u00edritu de Dios habita en vosotros. El que no tiene el Esp\u00edritu de Cristo no es de Cristo. Pues bien, si Cristo est\u00e1 en vosotros, el cuerpo est\u00e1 muerto por el pecado, pero el esp\u00edritu vive por la justificaci\u00f3n obtenida. Si el Esp\u00edritu del que resucit\u00f3 a Jes\u00fas de entre los muertos habita en vosotros, el que resucit\u00f3 de entre los muertos a Cristo Jes\u00fas vivificar\u00e1 tambi\u00e9n vuestros cuerpos mortales, por el mismo Esp\u00edritu que habita en vosotros.<\/p>\n<!-- \/wp:paragraph --><!-- wp:heading -->\n<h3>Salmo<\/h3>\n<!-- \/wp:heading --><!-- wp:heading {\"level\":3} -->\n<h4>Sal 23,1-2.3-4ab.5-6 R\/. \u00c9ste es el grupo que viene a tu presencia, Se\u00f1or<\/h4>\n<!-- \/wp:heading --><!-- wp:paragraph -->\n<p>Del Se\u00f1or es la tierra y cuanto la llena,<br \/>el orbe y todos sus habitantes:<br \/>\u00e9l la fund\u00f3 sobre los mares,<br \/>\u00e9l la afianz\u00f3 sobre los r\u00edos. R\/.<\/p>\n<!-- \/wp:paragraph --><!-- wp:paragraph -->\n<p>\u00bfQui\u00e9n puede subir al monte del Se\u00f1or?<br \/>\u00bfQui\u00e9n puede estar en el recinto sacro?<br \/>El hombre de manos inocentes y puro coraz\u00f3n,<br \/>que no conf\u00eda en los \u00eddolos. R\/.<\/p>\n<!-- \/wp:paragraph --><!-- wp:paragraph -->\n<p>\u00c9se recibir\u00e1 la bendici\u00f3n del Se\u00f1or,<br \/>le har\u00e1 justicia el Dios de salvaci\u00f3n.<br \/>\u00c9ste es el grupo que busca al Se\u00f1or,<br \/>que viene a tu presencia, Dios de Jacob. R\/.<\/p>\n<!-- \/wp:paragraph --><!-- wp:heading -->\n<h3>Evangelio del d\u00eda<\/h3>\n<!-- \/wp:heading --><!-- wp:heading {\"level\":3} -->\n<h4>Lectura del santo evangelio seg\u00fan san Lucas 13, 1-9.<\/h4>\n<!-- \/wp:heading --><!-- wp:paragraph -->\n<p>En una ocasi\u00f3n, se presentaron algunos a contar a Jes\u00fas lo de los galileos cuya sangre verti\u00f3 Pilato con la de los sacrificios que ofrec\u00edan.<br \/>Jes\u00fas les contest\u00f3: \u00ab\u00bfPens\u00e1is que esos galileos eran m\u00e1s pecadores que los dem\u00e1s galileos, porque acabaron as\u00ed? Os digo que no; y, si no os convert\u00eds, todos perecer\u00e9is lo mismo. Y aquellos dieciocho que murieron aplastados por la torre de Silo\u00e9, \u00bfpens\u00e1is que eran m\u00e1s culpables que los dem\u00e1s habitantes de Jerusal\u00e9n? Os digo que no; y, si no os convert\u00eds, todos perecer\u00e9is de la misma manera.\u00bb<br \/>Y les dijo esta par\u00e1bola: \u00abUno ten\u00eda una higuera plantada en su vi\u00f1a, y fue a buscar fruto en ella, y no lo encontr\u00f3. Dijo entonces al vi\u00f1ador: &#8220;Ya ves: tres a\u00f1os llevo viniendo a buscar fruto en esta higuera, y no lo encuentro. C\u00f3rtala. \u00bfPara qu\u00e9 va a ocupar terreno en balde?&#8221; Pero el vi\u00f1ador contest\u00f3: &#8220;Se\u00f1or, d\u00e9jala todav\u00eda este a\u00f1o; yo cavar\u00e9 alrededor y le echar\u00e9 esti\u00e9rcol, a ver si da fruto. Si no, la cortas.&#8221;\u00bb<\/p>\n<!-- \/wp:paragraph -->\t\t\t\t\t\t<\/div>\n\t\t\t\t<\/div>\n\t\t\t\t\t<\/div>\n\t\t<\/div>\n\t\t\t\t\t\t\t<\/div>\n\t\t<\/section>\n\t\t\t\t\t\t<\/div>\n\t\t\t\t\t<\/div>\n\t\t","protected":false},"excerpt":{"rendered":"<p>Primera lectura Lectura de la carta del ap\u00f3stol san Pablo a los Romanos 8, 1-11. Ahora no pesa condena alguna sobre los que est\u00e1n unidos a Cristo Jes\u00fas, pues, por [&hellip;]<\/p>\n","protected":false},"author":2,"featured_media":0,"comment_status":"closed","ping_status":"closed","sticky":false,"template":"elementor_canvas","format":"standard","meta":{"om_disable_all_campaigns":false,"_monsterinsights_skip_tracking":false,"_monsterinsights_sitenote_active":false,"_monsterinsights_sitenote_note":"","_monsterinsights_sitenote_category":0,"site-sidebar-layout":"default","site-content-layout":"default","ast-site-content-layout":"","site-content-style":"default","site-sidebar-style":"default","ast-global-header-display":"","ast-banner-title-visibility":"","ast-main-header-display":"","ast-hfb-above-header-display":"","ast-hfb-below-header-display":"","ast-hfb-mobile-header-display":"","site-post-title":"","ast-breadcrumbs-content":"","ast-featured-img":"","footer-sml-layout":"","theme-transparent-header-meta":"default","adv-header-id-meta":"","stick-header-meta":"","header-above-stick-meta":"","header-main-stick-meta":"","header-below-stick-meta":"","astra-migrate-meta-layouts":"default","ast-page-background-enabled":"default","ast-page-background-meta":{"desktop":{"background-color":"","background-image":"","background-repeat":"repeat","background-position":"center center","background-size":"auto","background-attachment":"scroll","background-type":"","background-media":"","overlay-type":"","overlay-color":"","overlay-opacity":"","overlay-gradient":""},"tablet":{"background-color":"","background-image":"","background-repeat":"repeat","background-position":"center center","background-size":"auto","background-attachment":"scroll","background-type":"","background-media":"","overlay-type":"","overlay-color":"","overlay-opacity":"","overlay-gradient":""},"mobile":{"background-color":"","background-image":"","background-repeat":"repeat","background-position":"center center","background-size":"auto","background-attachment":"scroll","background-type":"","background-media":"","overlay-type":"","overlay-color":"","overlay-opacity":"","overlay-gradient":""}},"ast-content-background-meta":{"desktop":{"background-color":"var(--ast-global-color-5)","background-image":"","background-repeat":"repeat","background-position":"center center","background-size":"auto","background-attachment":"scroll","background-type":"","background-media":"","overlay-type":"","overlay-color":"","overlay-opacity":"","overlay-gradient":""},"tablet":{"background-color":"var(--ast-global-color-5)","background-image":"","background-repeat":"repeat","background-position":"center center","background-size":"auto","background-attachment":"scroll","background-type":"","background-media":"","overlay-type":"","overlay-color":"","overlay-opacity":"","overlay-gradient":""},"mobile":{"background-color":"var(--ast-global-color-5)","background-image":"","background-repeat":"repeat","background-position":"center center","background-size":"auto","background-attachment":"scroll","background-type":"","background-media":"","overlay-type":"","overlay-color":"","overlay-opacity":"","overlay-gradient":""}},"spay_email":"","footnotes":""},"categories":[1],"tags":[],"class_list":["post-1571","post","type-post","status-publish","format-standard","hentry","category-uncategorized"],"jetpack_featured_media_url":"","jetpack-related-posts":[{"id":1567,"url":"https:\/\/cofradiasantorosario.org.gt\/index.php\/2021\/09\/23\/1567\/","url_meta":{"origin":1571,"position":0},"title":"Primera lectura Lectura de la\u2026","date":"septiembre 23, 2021","format":false,"excerpt":"Primera lectura Lectura de la carta del ap\u00f3stol san Pablo a los Romanos 6, 19-23 Uso un lenguaje corriente, adapt\u00e1ndome a vuestra debilidad, propia de hombres; quiero decir esto: si antes cedisteis vuestros miembros como esclavos a la inmoralidad y al desorden, para el desorden total, ponedlos ahora al servicio\u2026","rel":"","context":"Similar post","img":{"alt_text":"","src":"","width":0,"height":0},"classes":[]},{"id":1569,"url":"https:\/\/cofradiasantorosario.org.gt\/index.php\/2021\/09\/23\/1569\/","url_meta":{"origin":1571,"position":1},"title":"Primera lectura Lectura de la\u2026","date":"septiembre 23, 2021","format":false,"excerpt":"Primera lectura Lectura de la carta del ap\u00f3stol san Pablo a los Romanos 7, 18-24 S\u00e9 muy bien que no es bueno eso que habita en m\u00ed, es decir, en mi carne; porque el querer lo bueno lo tengo a mano, pero el hacerlo, no. El bien que quiero hacer\u2026","rel":"","context":"Similar post","img":{"alt_text":"","src":"","width":0,"height":0},"classes":[]},{"id":1611,"url":"https:\/\/cofradiasantorosario.org.gt\/index.php\/2021\/09\/23\/1611\/","url_meta":{"origin":1571,"position":2},"title":"Primera lectura Lectura de la\u2026","date":"septiembre 23, 2021","format":false,"excerpt":"Primera lectura Lectura de la carta del ap\u00f3stol san Pablo a los Romanos 9,1-5 \u201cDigo la verdad en Cristo; mi conciencia, iluminada por el Esp\u00edritu Santo, me asegura que no miento. Siento una gran pena y un dolor incesante en mi coraz\u00f3n, pues por el bien de mis hermanos, los\u2026","rel":"","context":"Similar post","img":{"alt_text":"","src":"","width":0,"height":0},"classes":[]},{"id":1562,"url":"https:\/\/cofradiasantorosario.org.gt\/index.php\/2021\/09\/23\/1562\/","url_meta":{"origin":1571,"position":3},"title":"Primera lectura Lectura de la\u2026","date":"septiembre 23, 2021","format":false,"excerpt":"Primera lectura Lectura de la carta del ap\u00f3stol san Pablo a los Romanos 5,12.15b.17-19.20b-21 Lo mismo que por un hombre entr\u00f3 el pecado en el mundo, y por el pecado la muerte, y as\u00ed la muerte pas\u00f3 a todos los hombres, porque todos pecaron. Si por la transgresi\u00f3n de uno\u2026","rel":"","context":"Similar post","img":{"alt_text":"","src":"","width":0,"height":0},"classes":[]},{"id":1565,"url":"https:\/\/cofradiasantorosario.org.gt\/index.php\/2021\/09\/23\/1565\/","url_meta":{"origin":1571,"position":4},"title":"Primera lectura Lectura de la\u2026","date":"septiembre 23, 2021","format":false,"excerpt":"Primera lectura Lectura de la carta del ap\u00f3stol san Pablo a los Romanos 6,12-18 Que el pecado no siga dominando vuestro cuerpo mortal, ni se\u00e1is s\u00fabditos de los deseos del cuerpo. No pong\u00e1is vuestros miembros al servicio del pecado, como instrumentos para la injusticia; ofreceos a Dios como hombres que\u2026","rel":"","context":"Similar post","img":{"alt_text":"","src":"","width":0,"height":0},"classes":[]},{"id":1526,"url":"https:\/\/cofradiasantorosario.org.gt\/index.php\/2021\/09\/22\/1526\/","url_meta":{"origin":1571,"position":5},"title":"Primera lectura Lectura de la\u2026","date":"septiembre 22, 2021","format":false,"excerpt":"Primera lectura Lectura de la carta del ap\u00f3stol san Pablo a los Romanos (3,21-30a) Ahora, la justicia de Dios, atestiguada por la Ley y los profetas, se ha manifestado independientemente de la Ley. Por la fe en Jesucristo viene la justicia de Dios a todos los que creen, sin distinci\u00f3n\u2026","rel":"","context":"Similar post","img":{"alt_text":"","src":"","width":0,"height":0},"classes":[]}],"_links":{"self":[{"href":"https:\/\/cofradiasantorosario.org.gt\/index.php\/wp-json\/wp\/v2\/posts\/1571","targetHints":{"allow":["GET"]}}],"collection":[{"href":"https:\/\/cofradiasantorosario.org.gt\/index.php\/wp-json\/wp\/v2\/posts"}],"about":[{"href":"https:\/\/cofradiasantorosario.org.gt\/index.php\/wp-json\/wp\/v2\/types\/post"}],"author":[{"embeddable":true,"href":"https:\/\/cofradiasantorosario.org.gt\/index.php\/wp-json\/wp\/v2\/users\/2"}],"replies":[{"embeddable":true,"href":"https:\/\/cofradiasantorosario.org.gt\/index.php\/wp-json\/wp\/v2\/comments?post=1571"}],"version-history":[{"count":4,"href":"https:\/\/cofradiasantorosario.org.gt\/index.php\/wp-json\/wp\/v2\/posts\/1571\/revisions"}],"predecessor-version":[{"id":1599,"href":"https:\/\/cofradiasantorosario.org.gt\/index.php\/wp-json\/wp\/v2\/posts\/1571\/revisions\/1599"}],"wp:attachment":[{"href":"https:\/\/cofradiasantorosario.org.gt\/index.php\/wp-json\/wp\/v2\/media?parent=1571"}],"wp:term":[{"taxonomy":"category","embeddable":true,"href":"https:\/\/cofradiasantorosario.org.gt\/index.php\/wp-json\/wp\/v2\/categories?post=1571"},{"taxonomy":"post_tag","embeddable":true,"href":"https:\/\/cofradiasantorosario.org.gt\/index.php\/wp-json\/wp\/v2\/tags?post=1571"}],"curies":[{"name":"wp","href":"https:\/\/api.w.org\/{rel}","templated":true}]}}