{"id":1569,"date":"2021-09-23T13:25:57","date_gmt":"2021-09-23T19:25:57","guid":{"rendered":"https:\/\/cofradiasantorosario.org.gt\/?p=1569"},"modified":"2021-09-23T13:44:15","modified_gmt":"2021-09-23T19:44:15","slug":"1569","status":"publish","type":"post","link":"https:\/\/cofradiasantorosario.org.gt\/index.php\/2021\/09\/23\/1569\/","title":{"rendered":""},"content":{"rendered":"\t\t<div data-elementor-type=\"wp-post\" data-elementor-id=\"1569\" class=\"elementor elementor-1569\" data-elementor-settings=\"[]\">\n\t\t\t\t\t\t\t<div class=\"elementor-section-wrap\">\n\t\t\t\t\t\t\t<section class=\"elementor-section elementor-top-section elementor-element elementor-element-383ddec elementor-section-boxed elementor-section-height-default elementor-section-height-default\" data-id=\"383ddec\" data-element_type=\"section\">\n\t\t\t\t\t\t<div class=\"elementor-container elementor-column-gap-default\">\n\t\t\t\t\t<div class=\"elementor-column elementor-col-100 elementor-top-column elementor-element elementor-element-0639193\" data-id=\"0639193\" data-element_type=\"column\">\n\t\t\t<div class=\"elementor-widget-wrap elementor-element-populated\">\n\t\t\t\t\t\t\t\t<div class=\"elementor-element elementor-element-f9aca58 elementor-widget elementor-widget-image\" data-id=\"f9aca58\" data-element_type=\"widget\" data-widget_type=\"image.default\">\n\t\t\t\t<div class=\"elementor-widget-container\">\n\t\t\t\t\t\t\t\t\t\t\t\t\t\t\t<img loading=\"lazy\" decoding=\"async\" width=\"300\" height=\"164\" src=\"https:\/\/i2.wp.com\/cofradiasantorosario.org.gt\/wp-content\/uploads\/2021\/09\/LOGO-COFRADIA-2.png?fit=300%2C164&amp;ssl=1\" class=\"attachment-medium size-medium\" alt=\"\" srcset=\"https:\/\/i2.wp.com\/cofradiasantorosario.org.gt\/wp-content\/uploads\/2021\/09\/LOGO-COFRADIA-2.png?w=495&amp;ssl=1 495w, https:\/\/i2.wp.com\/cofradiasantorosario.org.gt\/wp-content\/uploads\/2021\/09\/LOGO-COFRADIA-2.png?resize=300%2C164&amp;ssl=1 300w\" sizes=\"auto, (max-width: 300px) 100vw, 300px\" \/>\t\t\t\t\t\t\t\t\t\t\t\t\t\t\t<\/div>\n\t\t\t\t<\/div>\n\t\t\t\t\t<\/div>\n\t\t<\/div>\n\t\t\t\t\t\t\t<\/div>\n\t\t<\/section>\n\t\t\t\t<section class=\"elementor-section elementor-top-section elementor-element elementor-element-270ce6e7 elementor-section-boxed elementor-section-height-default elementor-section-height-default\" data-id=\"270ce6e7\" data-element_type=\"section\">\n\t\t\t\t\t\t<div class=\"elementor-container elementor-column-gap-default\">\n\t\t\t\t\t<div class=\"elementor-column elementor-col-100 elementor-top-column elementor-element elementor-element-2c25d52e\" data-id=\"2c25d52e\" data-element_type=\"column\">\n\t\t\t<div class=\"elementor-widget-wrap elementor-element-populated\">\n\t\t\t\t\t\t\t\t<div class=\"elementor-element elementor-element-3d24b216 elementor-widget elementor-widget-text-editor\" data-id=\"3d24b216\" data-element_type=\"widget\" data-widget_type=\"text-editor.default\">\n\t\t\t\t<div class=\"elementor-widget-container\">\n\t\t\t\t\t\t\t<!-- wp:heading -->\n<h3>Primera lectura<\/h3>\n<!-- \/wp:heading --><!-- wp:heading {\"level\":3} -->\n<h4>Lectura de la carta del ap\u00f3stol san Pablo a los Romanos 7, 18-24<\/h4>\n<!-- \/wp:heading --><!-- wp:paragraph -->\n<p>S\u00e9 muy bien que no es bueno eso que habita en m\u00ed, es decir, en mi carne; porque el querer lo bueno lo tengo a mano, pero el hacerlo, no. El bien que quiero hacer no lo hago; el mal que no quiero hacer, eso es lo que hago. Entonces, si hago precisamente lo que no quiero, se\u00f1al que no soy yo el que act\u00faa, sino el pecado que habita en m\u00ed. Cuando quiero hacer lo bueno, me encuentro inevitablemente con lo malo en las manos. En mi interior me complazco en la ley de Dios, pero percibo en mi cuerpo un principio diferente que guerrea contra la ley que aprueba mi raz\u00f3n, y me hace prisionero de la ley del pecado que est\u00e1 en mi cuerpo. \u00a1Desgraciado de m\u00ed! \u00bfQui\u00e9n me librar\u00e1 de este cuerpo presa de la muerte? Dios, por medio de nuestro Se\u00f1or Jesucristo, y le doy gracias.<\/p>\n<p>\u00a0<\/p>\n<!-- \/wp:paragraph --><!-- wp:heading -->\n<h3>Salmo<\/h3>\n<!-- \/wp:heading --><!-- wp:heading {\"level\":3} -->\n<h4>Sal 118,66.68.76.77.93.94 R\/. Instr\u00fayeme, Se\u00f1or, en tus leyes<\/h4>\n<!-- \/wp:heading --><!-- wp:paragraph -->\n<p>Ens\u00e9\u00f1ame a gustar y a comprender,<br \/>porque me f\u00edo de tus mandatos. R\/.<\/p>\n<!-- \/wp:paragraph --><!-- wp:paragraph -->\n<p>T\u00fa eres bueno y haces el bien;<br \/>instr\u00fayeme en tus leyes. R\/.<\/p>\n<!-- \/wp:paragraph --><!-- wp:paragraph -->\n<p>Que tu bondad me consuele,<br \/>seg\u00fan la promesa hecha a tu siervo. R\/.<\/p>\n<!-- \/wp:paragraph --><!-- wp:paragraph -->\n<p>Cuando me alcance tu compasi\u00f3n, vivir\u00e9,<br \/>y mis delicias ser\u00e1n tu voluntad. R\/.<\/p>\n<!-- \/wp:paragraph --><!-- wp:paragraph -->\n<p>Jam\u00e1s olvidar\u00e9 tus decretos,<br \/>pues con ellos me diste vida. R\/.<\/p>\n<!-- \/wp:paragraph --><!-- wp:paragraph -->\n<p>Soy tuyo, s\u00e1lvame,<br \/>que yo consulto tus leyes. R\/.<\/p>\n<!-- \/wp:paragraph --><!-- wp:heading -->\n<h3>Evangelio del d\u00eda<\/h3>\n<!-- \/wp:heading --><!-- wp:heading {\"level\":3} -->\n<h4>Lectura del santo evangelio seg\u00fan san Lucas 12,54-59<\/h4>\n<!-- \/wp:heading --><!-- wp:paragraph -->\n<p>En aquel tiempo, dec\u00eda Jes\u00fas a la gente: \u00abCuando veis subir una nube por el poniente, dec\u00eds en seguida: &#8220;Chaparr\u00f3n tenemos&#8221;, y as\u00ed sucede. Cuando sopla el sur, dec\u00eds: &#8220;Va a hacer bochorno&#8221;, y lo hace. Hip\u00f3critas: si sab\u00e9is interpretar el aspecto de la tierra y del cielo, \u00bfC\u00f3mo no sab\u00e9is interpretar el tiempo presente? \u00bfC\u00f3mo no sab\u00e9is juzgar vosotros mismos lo que se debe hacer? Cuando te diriges al tribunal con el que te pone pleito, haz lo posible por llegar a un acuerdo con \u00e9l, mientras vais de camino; no sea que te arrastre ante el juez, y el juez te entregue al guardia, y el guardia te meta en la c\u00e1rcel. Te digo que no saldr\u00e1s de all\u00ed hasta que no pagues el \u00faltimo c\u00e9ntimo.\u00bb<\/p>\n<!-- \/wp:paragraph -->\t\t\t\t\t\t<\/div>\n\t\t\t\t<\/div>\n\t\t\t\t\t<\/div>\n\t\t<\/div>\n\t\t\t\t\t\t\t<\/div>\n\t\t<\/section>\n\t\t\t\t\t\t<\/div>\n\t\t\t\t\t<\/div>\n\t\t","protected":false},"excerpt":{"rendered":"<p>Primera lectura Lectura de la carta del ap\u00f3stol san Pablo a los Romanos 7, 18-24 S\u00e9 muy bien que no es bueno eso que habita en m\u00ed, es decir, en [&hellip;]<\/p>\n","protected":false},"author":2,"featured_media":0,"comment_status":"closed","ping_status":"closed","sticky":false,"template":"elementor_canvas","format":"standard","meta":{"om_disable_all_campaigns":false,"_monsterinsights_skip_tracking":false,"_monsterinsights_sitenote_active":false,"_monsterinsights_sitenote_note":"","_monsterinsights_sitenote_category":0,"site-sidebar-layout":"default","site-content-layout":"default","ast-site-content-layout":"","site-content-style":"default","site-sidebar-style":"default","ast-global-header-display":"","ast-banner-title-visibility":"","ast-main-header-display":"","ast-hfb-above-header-display":"","ast-hfb-below-header-display":"","ast-hfb-mobile-header-display":"","site-post-title":"","ast-breadcrumbs-content":"","ast-featured-img":"","footer-sml-layout":"","theme-transparent-header-meta":"default","adv-header-id-meta":"","stick-header-meta":"","header-above-stick-meta":"","header-main-stick-meta":"","header-below-stick-meta":"","astra-migrate-meta-layouts":"default","ast-page-background-enabled":"default","ast-page-background-meta":{"desktop":{"background-color":"","background-image":"","background-repeat":"repeat","background-position":"center center","background-size":"auto","background-attachment":"scroll","background-type":"","background-media":"","overlay-type":"","overlay-color":"","overlay-opacity":"","overlay-gradient":""},"tablet":{"background-color":"","background-image":"","background-repeat":"repeat","background-position":"center center","background-size":"auto","background-attachment":"scroll","background-type":"","background-media":"","overlay-type":"","overlay-color":"","overlay-opacity":"","overlay-gradient":""},"mobile":{"background-color":"","background-image":"","background-repeat":"repeat","background-position":"center center","background-size":"auto","background-attachment":"scroll","background-type":"","background-media":"","overlay-type":"","overlay-color":"","overlay-opacity":"","overlay-gradient":""}},"ast-content-background-meta":{"desktop":{"background-color":"var(--ast-global-color-5)","background-image":"","background-repeat":"repeat","background-position":"center center","background-size":"auto","background-attachment":"scroll","background-type":"","background-media":"","overlay-type":"","overlay-color":"","overlay-opacity":"","overlay-gradient":""},"tablet":{"background-color":"var(--ast-global-color-5)","background-image":"","background-repeat":"repeat","background-position":"center center","background-size":"auto","background-attachment":"scroll","background-type":"","background-media":"","overlay-type":"","overlay-color":"","overlay-opacity":"","overlay-gradient":""},"mobile":{"background-color":"var(--ast-global-color-5)","background-image":"","background-repeat":"repeat","background-position":"center center","background-size":"auto","background-attachment":"scroll","background-type":"","background-media":"","overlay-type":"","overlay-color":"","overlay-opacity":"","overlay-gradient":""}},"spay_email":"","footnotes":""},"categories":[1],"tags":[],"class_list":["post-1569","post","type-post","status-publish","format-standard","hentry","category-uncategorized"],"jetpack_featured_media_url":"","jetpack-related-posts":[{"id":1435,"url":"https:\/\/cofradiasantorosario.org.gt\/index.php\/2021\/09\/21\/1435\/","url_meta":{"origin":1569,"position":0},"title":"Primera lectura \u00a0 Lectura del\u2026","date":"septiembre 21, 2021","format":false,"excerpt":"Primera lectura \u00a0 Lectura del libro del Deuteronomio 8, 7-18 Mois\u00e9s habl\u00f3 al pueblo, diciendo:\u00abCuando el Se\u00f1or, tu Dios, te introduzca en la tierra buena, tierra de torrentes, de fuentes y veneros que manan en el monte y la llanura, tierra de trigo y cebada, de vi\u00f1as, higueras y granados,\u2026","rel":"","context":"Similar post","img":{"alt_text":"","src":"","width":0,"height":0},"classes":[]},{"id":1571,"url":"https:\/\/cofradiasantorosario.org.gt\/index.php\/2021\/09\/23\/1571\/","url_meta":{"origin":1569,"position":1},"title":"Primera lectura Lectura de la\u2026","date":"septiembre 23, 2021","format":false,"excerpt":"Primera lectura Lectura de la carta del ap\u00f3stol san Pablo a los Romanos 8, 1-11. Ahora no pesa condena alguna sobre los que est\u00e1n unidos a Cristo Jes\u00fas, pues, por la uni\u00f3n con Cristo Jes\u00fas, la ley del Esp\u00edritu de vida me ha librado de la ley del pecado y\u2026","rel":"","context":"Similar post","img":{"alt_text":"","src":"","width":0,"height":0},"classes":[]},{"id":1460,"url":"https:\/\/cofradiasantorosario.org.gt\/index.php\/2021\/09\/21\/1460\/","url_meta":{"origin":1569,"position":2},"title":"Primera lectura Lectura de la\u2026","date":"septiembre 21, 2021","format":"link","excerpt":"Primera lectura Lectura de la profec\u00eda de Zacar\u00edas 2, 14-17 \u00a0 Al\u00e9grate y goza, Sion, pues voy a habitar en medio de ti \u2014or\u00e1culo del Se\u00f1or\u2014. Aquel d\u00eda se asociar\u00e1n al Se\u00f1or pueblos sin n\u00famero; ellos ser\u00e1n mi pueblo, y habitar\u00e9 en medio de ti, Entonces reconocer\u00e1s que el Se\u00f1or\u2026","rel":"","context":"Similar post","img":{"alt_text":"","src":"","width":0,"height":0},"classes":[]},{"id":1553,"url":"https:\/\/cofradiasantorosario.org.gt\/index.php\/2021\/09\/23\/1553\/","url_meta":{"origin":1569,"position":3},"title":"Primera lectura Lectura del Profeta\u2026","date":"septiembre 23, 2021","format":false,"excerpt":"Primera lectura Lectura del Profeta Isa\u00edas 53, 10-11 El Se\u00f1or quiso triturarlo con el sufrimiento.Cuando entregue su vida como expiaci\u00f3n, ver\u00e1 su descendencia, prolongar\u00e1 sus a\u00f1os; lo que el Se\u00f1or quiere prosperar\u00e1 por sus manos.A causa de los trabajos de su alma, ver\u00e1 y se hartar\u00e1, con lo aprendido mi\u2026","rel":"","context":"Similar post","img":{"alt_text":"","src":"","width":0,"height":0},"classes":[]},{"id":1503,"url":"https:\/\/cofradiasantorosario.org.gt\/index.php\/2021\/09\/22\/1503\/","url_meta":{"origin":1569,"position":4},"title":"Primera lectura Lectura del Libro\u2026","date":"septiembre 22, 2021","format":false,"excerpt":"Primera lectura Lectura del Libro de la Sabidur\u00eda 7, 7-11 Supliqu\u00e9 y me fue dada la prudencia,invoqu\u00e9 y vino a m\u00ed el esp\u00edritu de sabidur\u00eda. La prefer\u00ed a cetros y tronosy a su lado en nada tuve la riqueza. No la equipar\u00e9 a la piedra m\u00e1s preciosa,porque todo el oro\u2026","rel":"","context":"Similar post","img":{"alt_text":"","src":"","width":0,"height":0},"classes":[]},{"id":1615,"url":"https:\/\/cofradiasantorosario.org.gt\/index.php\/2021\/09\/23\/1615\/","url_meta":{"origin":1569,"position":5},"title":"Primera lectura Lectura del Libro\u2026","date":"septiembre 23, 2021","format":false,"excerpt":"Primera lectura Lectura del Libro del Deuteronomio 6, 2-6 Habl\u00f3 Mois\u00e9s al pueblo y le dijo:\u2013Teme al Se\u00f1or tu Dios, guardando todos los mandatos y preceptos que te manda, t\u00fa, tus hijos y tus nietos, mientras viv\u00e1is; as\u00ed prolongar\u00e1s tu vida. Esc\u00fachalo, Israel, y ponlo por obra para que te\u2026","rel":"","context":"Similar post","img":{"alt_text":"","src":"","width":0,"height":0},"classes":[]}],"_links":{"self":[{"href":"https:\/\/cofradiasantorosario.org.gt\/index.php\/wp-json\/wp\/v2\/posts\/1569","targetHints":{"allow":["GET"]}}],"collection":[{"href":"https:\/\/cofradiasantorosario.org.gt\/index.php\/wp-json\/wp\/v2\/posts"}],"about":[{"href":"https:\/\/cofradiasantorosario.org.gt\/index.php\/wp-json\/wp\/v2\/types\/post"}],"author":[{"embeddable":true,"href":"https:\/\/cofradiasantorosario.org.gt\/index.php\/wp-json\/wp\/v2\/users\/2"}],"replies":[{"embeddable":true,"href":"https:\/\/cofradiasantorosario.org.gt\/index.php\/wp-json\/wp\/v2\/comments?post=1569"}],"version-history":[{"count":4,"href":"https:\/\/cofradiasantorosario.org.gt\/index.php\/wp-json\/wp\/v2\/posts\/1569\/revisions"}],"predecessor-version":[{"id":1596,"href":"https:\/\/cofradiasantorosario.org.gt\/index.php\/wp-json\/wp\/v2\/posts\/1569\/revisions\/1596"}],"wp:attachment":[{"href":"https:\/\/cofradiasantorosario.org.gt\/index.php\/wp-json\/wp\/v2\/media?parent=1569"}],"wp:term":[{"taxonomy":"category","embeddable":true,"href":"https:\/\/cofradiasantorosario.org.gt\/index.php\/wp-json\/wp\/v2\/categories?post=1569"},{"taxonomy":"post_tag","embeddable":true,"href":"https:\/\/cofradiasantorosario.org.gt\/index.php\/wp-json\/wp\/v2\/tags?post=1569"}],"curies":[{"name":"wp","href":"https:\/\/api.w.org\/{rel}","templated":true}]}}