{"id":1530,"date":"2021-09-22T22:40:25","date_gmt":"2021-09-23T04:40:25","guid":{"rendered":"https:\/\/cofradiasantorosario.org.gt\/?p=1530"},"modified":"2021-09-22T22:50:17","modified_gmt":"2021-09-23T04:50:17","slug":"1530","status":"publish","type":"post","link":"https:\/\/cofradiasantorosario.org.gt\/index.php\/2021\/09\/22\/1530\/","title":{"rendered":""},"content":{"rendered":"\t\t<div data-elementor-type=\"wp-post\" data-elementor-id=\"1530\" class=\"elementor elementor-1530\" data-elementor-settings=\"[]\">\n\t\t\t\t\t\t\t<div class=\"elementor-section-wrap\">\n\t\t\t\t\t\t\t<section class=\"elementor-section elementor-top-section elementor-element elementor-element-a454a4e elementor-section-boxed elementor-section-height-default elementor-section-height-default\" data-id=\"a454a4e\" data-element_type=\"section\">\n\t\t\t\t\t\t<div class=\"elementor-container elementor-column-gap-default\">\n\t\t\t\t\t<div class=\"elementor-column elementor-col-100 elementor-top-column elementor-element elementor-element-d53aa0d\" data-id=\"d53aa0d\" data-element_type=\"column\">\n\t\t\t<div class=\"elementor-widget-wrap elementor-element-populated\">\n\t\t\t\t\t\t\t\t<div class=\"elementor-element elementor-element-012788e elementor-widget elementor-widget-image\" data-id=\"012788e\" data-element_type=\"widget\" data-widget_type=\"image.default\">\n\t\t\t\t<div class=\"elementor-widget-container\">\n\t\t\t\t\t\t\t\t\t\t\t\t\t\t\t<img loading=\"lazy\" decoding=\"async\" width=\"300\" height=\"164\" src=\"https:\/\/i2.wp.com\/cofradiasantorosario.org.gt\/wp-content\/uploads\/2021\/09\/LOGO-COFRADIA-2.png?fit=300%2C164&amp;ssl=1\" class=\"attachment-medium size-medium\" alt=\"\" srcset=\"https:\/\/i2.wp.com\/cofradiasantorosario.org.gt\/wp-content\/uploads\/2021\/09\/LOGO-COFRADIA-2.png?w=495&amp;ssl=1 495w, https:\/\/i2.wp.com\/cofradiasantorosario.org.gt\/wp-content\/uploads\/2021\/09\/LOGO-COFRADIA-2.png?resize=300%2C164&amp;ssl=1 300w\" sizes=\"auto, (max-width: 300px) 100vw, 300px\" \/>\t\t\t\t\t\t\t\t\t\t\t\t\t\t\t<\/div>\n\t\t\t\t<\/div>\n\t\t\t\t\t<\/div>\n\t\t<\/div>\n\t\t\t\t\t\t\t<\/div>\n\t\t<\/section>\n\t\t\t\t<section class=\"elementor-section elementor-top-section elementor-element elementor-element-5e1a9a09 elementor-section-boxed elementor-section-height-default elementor-section-height-default\" data-id=\"5e1a9a09\" data-element_type=\"section\">\n\t\t\t\t\t\t<div class=\"elementor-container elementor-column-gap-default\">\n\t\t\t\t\t<div class=\"elementor-column elementor-col-100 elementor-top-column elementor-element elementor-element-55c7945c\" data-id=\"55c7945c\" data-element_type=\"column\">\n\t\t\t<div class=\"elementor-widget-wrap elementor-element-populated\">\n\t\t\t\t\t\t\t\t<div class=\"elementor-element elementor-element-3a653f82 elementor-widget elementor-widget-text-editor\" data-id=\"3a653f82\" data-element_type=\"widget\" data-widget_type=\"text-editor.default\">\n\t\t\t\t<div class=\"elementor-widget-container\">\n\t\t\t\t\t\t\t<!-- wp:heading -->\n<h3>Primera lectura<\/h3>\n<!-- \/wp:heading --><!-- wp:heading {\"level\":3} -->\n<h4>Lectura de la carta del ap\u00f3stol san Pablo a los Romanos 4,13. 16-18<\/h4>\n<!-- \/wp:heading --><!-- wp:paragraph -->\n<p>No fue la observancia de la Ley, sino la justificaci\u00f3n obtenida por la fe, la que obtuvo para Abrah\u00e1n y su descendencia la promesa de heredar el mundo. Por eso, como todo depende de la fe, todo es gracia; as\u00ed la promesa est\u00e1 asegurada para toda la descendencia, no solamente para la descendencia legal, sino tambi\u00e9n para la que nace de la e de Abrah\u00e1n, que es padre de todos nosotros. As\u00ed, dice la Escritura: \u00abTe hago padre de muchos pueblos.\u00bb Al encontrarse con el Dios que da vida a los muertos y llama a la existencia lo que no existe, Abrah\u00e1n crey\u00f3. Apoyado en la esperanza, crey\u00f3, contra toda esperanza, que llegar\u00eda a ser padre de muchas naciones, seg\u00fan lo que se le hab\u00eda dicho: \u00abAs\u00ed ser\u00e1 tu descendencia.\u00bb<\/p>\n<p>\u00a0<\/p>\n<!-- \/wp:paragraph --><!-- wp:heading -->\n<h3>Salmo<\/h3>\n<!-- \/wp:heading --><!-- wp:heading {\"level\":3} -->\n<h4>Sal 104,6-7.8-9.42-43 R\/. El Se\u00f1or se acuerda de su alianza eternamente<\/h4>\n<!-- \/wp:heading --><!-- wp:paragraph -->\n<p>\u00a1Estirpe de Abrah\u00e1n, su siervo;<br \/>hijos de Jacob, su elegido!<br \/>El Se\u00f1or es nuestro Dios,<br \/>\u00e9l gobierna toda la tierra. R\/.<\/p>\n<!-- \/wp:paragraph --><!-- wp:paragraph -->\n<p>Se acuerda de su alianza eternamente,<br \/>de la palabra dada, por mil generaciones;<br \/>de la alianza sellada con Abrah\u00e1n,<br \/>del juramento hecho a Isaac. R\/.<\/p>\n<!-- \/wp:paragraph --><!-- wp:paragraph -->\n<p>Porque se acordaba de la palabra sagrada<br \/>qu\u00e9 hab\u00eda dado a su siervo Abrah\u00e1n,<br \/>sac\u00f3 a su pueblo con alegr\u00eda,<br \/>a sus escogidos con gritos de triunfo. R\/.<\/p>\n<p>\u00a0<\/p>\n<!-- \/wp:paragraph --><!-- wp:heading -->\n<h3>Evangelio del d\u00eda<\/h3>\n<!-- \/wp:heading --><!-- wp:heading {\"level\":3} -->\n<h4>Lectura del santo evangelio seg\u00fan san Lucas 12, 8-12<\/h4>\n<!-- \/wp:heading --><!-- wp:paragraph -->\n<p>En aquel tiempo, dijo Jes\u00fas a sus disc\u00edpulos: \u00abSi uno se pone de mi parte ante los hombres, tambi\u00e9n el Hijo del hombre se pondr\u00e1 de su parte ante los \u00e1ngeles de Dios. Y si uno me reniega ante los hombres, lo renegar\u00e1n a \u00e9l ante los \u00e1ngeles de Dios. Al que hable contra el Hijo del hombre se le podr\u00e1 perdonar, pero al que blasfeme contra el Esp\u00edritu Santo no se le perdonar\u00e1. Cuando os conduzcan a la sinagoga, ante los magistrados y las autoridades, no os preocup\u00e9is de lo que vais a decir, o de c\u00f3mo os vais a defender. Porque el Esp\u00edritu Santo os ense\u00f1ar\u00e1 en aquel momento lo que ten\u00e9is que decir.\u00bb<\/p>\n<!-- \/wp:paragraph -->\t\t\t\t\t\t<\/div>\n\t\t\t\t<\/div>\n\t\t\t\t\t<\/div>\n\t\t<\/div>\n\t\t\t\t\t\t\t<\/div>\n\t\t<\/section>\n\t\t\t\t\t\t<\/div>\n\t\t\t\t\t<\/div>\n\t\t","protected":false},"excerpt":{"rendered":"<p>Primera lectura Lectura de la carta del ap\u00f3stol san Pablo a los Romanos 4,13. 16-18 No fue la observancia de la Ley, sino la justificaci\u00f3n obtenida por la fe, la [&hellip;]<\/p>\n","protected":false},"author":2,"featured_media":0,"comment_status":"closed","ping_status":"closed","sticky":false,"template":"elementor_canvas","format":"standard","meta":{"om_disable_all_campaigns":false,"_monsterinsights_skip_tracking":false,"_monsterinsights_sitenote_active":false,"_monsterinsights_sitenote_note":"","_monsterinsights_sitenote_category":0,"site-sidebar-layout":"default","site-content-layout":"default","ast-site-content-layout":"","site-content-style":"default","site-sidebar-style":"default","ast-global-header-display":"","ast-banner-title-visibility":"","ast-main-header-display":"","ast-hfb-above-header-display":"","ast-hfb-below-header-display":"","ast-hfb-mobile-header-display":"","site-post-title":"","ast-breadcrumbs-content":"","ast-featured-img":"","footer-sml-layout":"","theme-transparent-header-meta":"default","adv-header-id-meta":"","stick-header-meta":"","header-above-stick-meta":"","header-main-stick-meta":"","header-below-stick-meta":"","astra-migrate-meta-layouts":"default","ast-page-background-enabled":"default","ast-page-background-meta":{"desktop":{"background-color":"","background-image":"","background-repeat":"repeat","background-position":"center center","background-size":"auto","background-attachment":"scroll","background-type":"","background-media":"","overlay-type":"","overlay-color":"","overlay-opacity":"","overlay-gradient":""},"tablet":{"background-color":"","background-image":"","background-repeat":"repeat","background-position":"center center","background-size":"auto","background-attachment":"scroll","background-type":"","background-media":"","overlay-type":"","overlay-color":"","overlay-opacity":"","overlay-gradient":""},"mobile":{"background-color":"","background-image":"","background-repeat":"repeat","background-position":"center center","background-size":"auto","background-attachment":"scroll","background-type":"","background-media":"","overlay-type":"","overlay-color":"","overlay-opacity":"","overlay-gradient":""}},"ast-content-background-meta":{"desktop":{"background-color":"var(--ast-global-color-5)","background-image":"","background-repeat":"repeat","background-position":"center center","background-size":"auto","background-attachment":"scroll","background-type":"","background-media":"","overlay-type":"","overlay-color":"","overlay-opacity":"","overlay-gradient":""},"tablet":{"background-color":"var(--ast-global-color-5)","background-image":"","background-repeat":"repeat","background-position":"center center","background-size":"auto","background-attachment":"scroll","background-type":"","background-media":"","overlay-type":"","overlay-color":"","overlay-opacity":"","overlay-gradient":""},"mobile":{"background-color":"var(--ast-global-color-5)","background-image":"","background-repeat":"repeat","background-position":"center center","background-size":"auto","background-attachment":"scroll","background-type":"","background-media":"","overlay-type":"","overlay-color":"","overlay-opacity":"","overlay-gradient":""}},"spay_email":"","footnotes":""},"categories":[1],"tags":[],"class_list":["post-1530","post","type-post","status-publish","format-standard","hentry","category-uncategorized"],"jetpack_featured_media_url":"","jetpack-related-posts":[{"id":1602,"url":"https:\/\/cofradiasantorosario.org.gt\/index.php\/2021\/09\/23\/1602\/","url_meta":{"origin":1530,"position":0},"title":"Primera lectura Lectura de la\u2026","date":"septiembre 23, 2021","format":false,"excerpt":"Primera lectura Lectura de la carta del ap\u00f3stol san Pablo a los Romanos 8,12-17 Estamos en deuda, pero no con la carne para vivir carnalmente. Pues si viv\u00eds seg\u00fan la carne, vais a la muerte; pero si con el Esp\u00edritu dais muerte a las obras del cuerpo, vivir\u00e9is. Los que\u2026","rel":"","context":"Similar post","img":{"alt_text":"","src":"","width":0,"height":0},"classes":[]},{"id":1460,"url":"https:\/\/cofradiasantorosario.org.gt\/index.php\/2021\/09\/21\/1460\/","url_meta":{"origin":1530,"position":1},"title":"Primera lectura Lectura de la\u2026","date":"septiembre 21, 2021","format":"link","excerpt":"Primera lectura Lectura de la profec\u00eda de Zacar\u00edas 2, 14-17 \u00a0 Al\u00e9grate y goza, Sion, pues voy a habitar en medio de ti \u2014or\u00e1culo del Se\u00f1or\u2014. Aquel d\u00eda se asociar\u00e1n al Se\u00f1or pueblos sin n\u00famero; ellos ser\u00e1n mi pueblo, y habitar\u00e9 en medio de ti, Entonces reconocer\u00e1s que el Se\u00f1or\u2026","rel":"","context":"Similar post","img":{"alt_text":"","src":"","width":0,"height":0},"classes":[]},{"id":1526,"url":"https:\/\/cofradiasantorosario.org.gt\/index.php\/2021\/09\/22\/1526\/","url_meta":{"origin":1530,"position":2},"title":"Primera lectura Lectura de la\u2026","date":"septiembre 22, 2021","format":false,"excerpt":"Primera lectura Lectura de la carta del ap\u00f3stol san Pablo a los Romanos (3,21-30a) Ahora, la justicia de Dios, atestiguada por la Ley y los profetas, se ha manifestado independientemente de la Ley. Por la fe en Jesucristo viene la justicia de Dios a todos los que creen, sin distinci\u00f3n\u2026","rel":"","context":"Similar post","img":{"alt_text":"","src":"","width":0,"height":0},"classes":[]},{"id":1607,"url":"https:\/\/cofradiasantorosario.org.gt\/index.php\/2021\/09\/23\/1607\/","url_meta":{"origin":1530,"position":3},"title":"Primera lectura Lectura de la\u2026","date":"septiembre 23, 2021","format":false,"excerpt":"Primera lectura Lectura de la carta del ap\u00f3stol san Pablo a los Romanos 8,26-30: El Esp\u00edritu viene en ayuda de nuestra debilidad, porque nosotros no sabemos pedir lo que nos conviene, pero el Esp\u00edritu mismo intercede por nosotros con gemidos inefables. Y el que escudri\u00f1a los corazones sabe cu\u00e1l es\u2026","rel":"","context":"Similar post","img":{"alt_text":"","src":"","width":0,"height":0},"classes":[]},{"id":1613,"url":"https:\/\/cofradiasantorosario.org.gt\/index.php\/2021\/09\/23\/1613\/","url_meta":{"origin":1530,"position":4},"title":"Primera lectura Lectura de la\u2026","date":"septiembre 23, 2021","format":false,"excerpt":"Primera lectura Lectura de la carta del ap\u00f3stol san Pablo a los Romanos 11,1-2a.11-12.25-29 \u00bfHabr\u00e1 Dios desechado a su pueblo? De ning\u00fan modo. Tambi\u00e9n yo soy israelita, descendiente de Abrah\u00e1n, de la tribu de Benjam\u00edn. Dios no ha desechado al pueblo que \u00e9l eligi\u00f3. Pregunto ahora: \u00bfHan ca\u00eddo para no\u2026","rel":"","context":"Similar post","img":{"alt_text":"","src":"","width":0,"height":0},"classes":[]},{"id":1567,"url":"https:\/\/cofradiasantorosario.org.gt\/index.php\/2021\/09\/23\/1567\/","url_meta":{"origin":1530,"position":5},"title":"Primera lectura Lectura de la\u2026","date":"septiembre 23, 2021","format":false,"excerpt":"Primera lectura Lectura de la carta del ap\u00f3stol san Pablo a los Romanos 6, 19-23 Uso un lenguaje corriente, adapt\u00e1ndome a vuestra debilidad, propia de hombres; quiero decir esto: si antes cedisteis vuestros miembros como esclavos a la inmoralidad y al desorden, para el desorden total, ponedlos ahora al servicio\u2026","rel":"","context":"Similar post","img":{"alt_text":"","src":"","width":0,"height":0},"classes":[]}],"_links":{"self":[{"href":"https:\/\/cofradiasantorosario.org.gt\/index.php\/wp-json\/wp\/v2\/posts\/1530","targetHints":{"allow":["GET"]}}],"collection":[{"href":"https:\/\/cofradiasantorosario.org.gt\/index.php\/wp-json\/wp\/v2\/posts"}],"about":[{"href":"https:\/\/cofradiasantorosario.org.gt\/index.php\/wp-json\/wp\/v2\/types\/post"}],"author":[{"embeddable":true,"href":"https:\/\/cofradiasantorosario.org.gt\/index.php\/wp-json\/wp\/v2\/users\/2"}],"replies":[{"embeddable":true,"href":"https:\/\/cofradiasantorosario.org.gt\/index.php\/wp-json\/wp\/v2\/comments?post=1530"}],"version-history":[{"count":4,"href":"https:\/\/cofradiasantorosario.org.gt\/index.php\/wp-json\/wp\/v2\/posts\/1530\/revisions"}],"predecessor-version":[{"id":1549,"href":"https:\/\/cofradiasantorosario.org.gt\/index.php\/wp-json\/wp\/v2\/posts\/1530\/revisions\/1549"}],"wp:attachment":[{"href":"https:\/\/cofradiasantorosario.org.gt\/index.php\/wp-json\/wp\/v2\/media?parent=1530"}],"wp:term":[{"taxonomy":"category","embeddable":true,"href":"https:\/\/cofradiasantorosario.org.gt\/index.php\/wp-json\/wp\/v2\/categories?post=1530"},{"taxonomy":"post_tag","embeddable":true,"href":"https:\/\/cofradiasantorosario.org.gt\/index.php\/wp-json\/wp\/v2\/tags?post=1530"}],"curies":[{"name":"wp","href":"https:\/\/api.w.org\/{rel}","templated":true}]}}