{"id":1526,"date":"2021-09-22T22:37:50","date_gmt":"2021-09-23T04:37:50","guid":{"rendered":"https:\/\/cofradiasantorosario.org.gt\/?p=1526"},"modified":"2021-09-22T22:47:42","modified_gmt":"2021-09-23T04:47:42","slug":"1526","status":"publish","type":"post","link":"https:\/\/cofradiasantorosario.org.gt\/index.php\/2021\/09\/22\/1526\/","title":{"rendered":""},"content":{"rendered":"\t\t<div data-elementor-type=\"wp-post\" data-elementor-id=\"1526\" class=\"elementor elementor-1526\" data-elementor-settings=\"[]\">\n\t\t\t\t\t\t\t<div class=\"elementor-section-wrap\">\n\t\t\t\t\t\t\t<section class=\"elementor-section elementor-top-section elementor-element elementor-element-0ef6bce elementor-section-boxed elementor-section-height-default elementor-section-height-default\" data-id=\"0ef6bce\" data-element_type=\"section\">\n\t\t\t\t\t\t<div class=\"elementor-container elementor-column-gap-default\">\n\t\t\t\t\t<div class=\"elementor-column elementor-col-100 elementor-top-column elementor-element elementor-element-c10a8eb\" data-id=\"c10a8eb\" data-element_type=\"column\">\n\t\t\t<div class=\"elementor-widget-wrap elementor-element-populated\">\n\t\t\t\t\t\t\t\t<div class=\"elementor-element elementor-element-4c5a2f0 elementor-widget elementor-widget-image\" data-id=\"4c5a2f0\" data-element_type=\"widget\" data-widget_type=\"image.default\">\n\t\t\t\t<div class=\"elementor-widget-container\">\n\t\t\t\t\t\t\t\t\t\t\t\t\t\t\t<img loading=\"lazy\" decoding=\"async\" width=\"300\" height=\"164\" src=\"https:\/\/i2.wp.com\/cofradiasantorosario.org.gt\/wp-content\/uploads\/2021\/09\/LOGO-COFRADIA-2.png?fit=300%2C164&amp;ssl=1\" class=\"attachment-medium size-medium\" alt=\"\" srcset=\"https:\/\/i2.wp.com\/cofradiasantorosario.org.gt\/wp-content\/uploads\/2021\/09\/LOGO-COFRADIA-2.png?w=495&amp;ssl=1 495w, https:\/\/i2.wp.com\/cofradiasantorosario.org.gt\/wp-content\/uploads\/2021\/09\/LOGO-COFRADIA-2.png?resize=300%2C164&amp;ssl=1 300w\" sizes=\"auto, (max-width: 300px) 100vw, 300px\" \/>\t\t\t\t\t\t\t\t\t\t\t\t\t\t\t<\/div>\n\t\t\t\t<\/div>\n\t\t\t\t\t<\/div>\n\t\t<\/div>\n\t\t\t\t\t\t\t<\/div>\n\t\t<\/section>\n\t\t\t\t<section class=\"elementor-section elementor-top-section elementor-element elementor-element-692b5c97 elementor-section-boxed elementor-section-height-default elementor-section-height-default\" data-id=\"692b5c97\" data-element_type=\"section\">\n\t\t\t\t\t\t<div class=\"elementor-container elementor-column-gap-default\">\n\t\t\t\t\t<div class=\"elementor-column elementor-col-100 elementor-top-column elementor-element elementor-element-2f8fbec0\" data-id=\"2f8fbec0\" data-element_type=\"column\">\n\t\t\t<div class=\"elementor-widget-wrap elementor-element-populated\">\n\t\t\t\t\t\t\t\t<div class=\"elementor-element elementor-element-5f635ca1 elementor-widget elementor-widget-text-editor\" data-id=\"5f635ca1\" data-element_type=\"widget\" data-widget_type=\"text-editor.default\">\n\t\t\t\t<div class=\"elementor-widget-container\">\n\t\t\t\t\t\t\t<!-- wp:heading -->\n<h3>Primera lectura<\/h3>\n<!-- \/wp:heading --><!-- wp:heading {\"level\":3} -->\n<h4>Lectura de la carta del ap\u00f3stol san Pablo a los Romanos (3,21-30a)<\/h4>\n<!-- \/wp:heading --><!-- wp:paragraph -->\n<p>Ahora, la justicia de Dios, atestiguada por la Ley y los profetas, se ha manifestado independientemente de la Ley. Por la fe en Jesucristo viene la justicia de Dios a todos los que creen, sin distinci\u00f3n alguna. Pues todos pecaron y todos est\u00e1n privados de la gloria de Dios, y son justificados gratuitamente por su gracia, mediante la redenci\u00f3n de Cristo Jes\u00fas, a quien Dios constituy\u00f3 sacrificio de propiciaci\u00f3n mediante la fe en su sangre. As\u00ed quer\u00eda Dios demostrar que no fue injusto dejando impunes con su tolerancia los pecados del pasado; se propon\u00eda mostrar en nuestros d\u00edas su justicia salvadora, demostr\u00e1ndose a s\u00ed mismo justo y justificando al que apela a la fe en Jes\u00fas. Y ahora, \u00bfD\u00f3nde queda el orgullo? Queda eliminado. \u00bfEn nombre de qu\u00e9? \u00bfDe las obras? No, en nombre de la fe. Sostenemos, pues, que el hombre es justificado por la fe, sin las obras de la Ley. \u00bfAcaso es Dios s\u00f3lo de los jud\u00edos? \u00bfNo lo es tambi\u00e9n de los gentiles? Evidente que tambi\u00e9n de los gentiles, si es verdad que no hay m\u00e1s que un Dios.<\/p>\n<!-- \/wp:paragraph --><!-- wp:heading -->\n<h3>Salmo<\/h3>\n<!-- \/wp:heading --><!-- wp:heading {\"level\":3} -->\n<h4>Sal 129,1-2.3-4.5 R\/. Del Se\u00f1or viene la misericordia, la redenci\u00f3n copiosa<\/h4>\n<!-- \/wp:heading --><!-- wp:paragraph -->\n<p>Desde lo hondo a ti grito, Se\u00f1or;<br \/>Se\u00f1or, escucha mi voz;<br \/>est\u00e9n tus o\u00eddos atentos<br \/>a la voz de mi s\u00faplica. R\/.<\/p>\n<!-- \/wp:paragraph --><!-- wp:paragraph -->\n<p>Si llevas cuenta de los delitos, Se\u00f1or,<br \/>\u00bfqui\u00e9n podr\u00e1 resistir?<br \/>Pero de ti procede el perd\u00f3n,<br \/>y as\u00ed infundes respeto. R\/.<\/p>\n<!-- \/wp:paragraph --><!-- wp:paragraph -->\n<p>Mi alma espera en el Se\u00f1or,<br \/>espera en su palabra;<br \/>mi alma aguarda al Se\u00f1or. R\/.<\/p>\n<!-- \/wp:paragraph --><!-- wp:heading -->\n<h3>Evangelio del d\u00eda<\/h3>\n<!-- \/wp:heading --><!-- wp:heading {\"level\":3} -->\n<h4>Lectura del santo evangelio seg\u00fan san Lucas (11,47-54)<\/h4>\n<!-- \/wp:heading --><!-- wp:paragraph -->\n<p>En aquel tiempo, dijo el Se\u00f1or: \u00ab\u00a1Ay de vosotros, que edific\u00e1is mausoleos a los profetas, despu\u00e9s que vuestros padres los mataron! As\u00ed sois testigos de lo que hicieron vuestros padres, y lo aprob\u00e1is; porque ellos los mataron, y vosotros les edific\u00e1is sepulcros. Por algo dijo la sabidur\u00eda de Dios: &#8220;Les enviar\u00e9 profetas y ap\u00f3stoles; a algunos los perseguir\u00e1n y matar\u00e1n&#8221;; y as\u00ed, a esta generaci\u00f3n se le pedir\u00e1 cuenta de la sangre de los profetas derramada desde la creaci\u00f3n del mundo; desde la sangre de Abel hasta la de Zacar\u00edas, que pereci\u00f3 entre el altar y el santuario. S\u00ed, os lo repito: se le pedir\u00e1 cuenta a esta generaci\u00f3n. \u00a1Ay de vosotros, maestros de la Ley, que os hab\u00e9is quedado con la llave del saber; vosotros, que no hab\u00e9is entrado y hab\u00e9is cerrado el paso a los que intentaban entrar!\u00bb<br \/>Al salir de all\u00ed, los escribas y fariseos empezaron a acosarlo y a tirarle de la lengua con muchas preguntas capciosas, para cogerlo con sus propias palabras.<\/p>\n<!-- \/wp:paragraph -->\t\t\t\t\t\t<\/div>\n\t\t\t\t<\/div>\n\t\t\t\t\t<\/div>\n\t\t<\/div>\n\t\t\t\t\t\t\t<\/div>\n\t\t<\/section>\n\t\t\t\t\t\t<\/div>\n\t\t\t\t\t<\/div>\n\t\t","protected":false},"excerpt":{"rendered":"<p>Primera lectura Lectura de la carta del ap\u00f3stol san Pablo a los Romanos (3,21-30a) Ahora, la justicia de Dios, atestiguada por la Ley y los profetas, se ha manifestado independientemente [&hellip;]<\/p>\n","protected":false},"author":2,"featured_media":0,"comment_status":"closed","ping_status":"closed","sticky":false,"template":"elementor_canvas","format":"standard","meta":{"om_disable_all_campaigns":false,"_monsterinsights_skip_tracking":false,"_monsterinsights_sitenote_active":false,"_monsterinsights_sitenote_note":"","_monsterinsights_sitenote_category":0,"site-sidebar-layout":"default","site-content-layout":"default","ast-site-content-layout":"","site-content-style":"default","site-sidebar-style":"default","ast-global-header-display":"","ast-banner-title-visibility":"","ast-main-header-display":"","ast-hfb-above-header-display":"","ast-hfb-below-header-display":"","ast-hfb-mobile-header-display":"","site-post-title":"","ast-breadcrumbs-content":"","ast-featured-img":"","footer-sml-layout":"","theme-transparent-header-meta":"default","adv-header-id-meta":"","stick-header-meta":"","header-above-stick-meta":"","header-main-stick-meta":"","header-below-stick-meta":"","astra-migrate-meta-layouts":"default","ast-page-background-enabled":"default","ast-page-background-meta":{"desktop":{"background-color":"","background-image":"","background-repeat":"repeat","background-position":"center center","background-size":"auto","background-attachment":"scroll","background-type":"","background-media":"","overlay-type":"","overlay-color":"","overlay-opacity":"","overlay-gradient":""},"tablet":{"background-color":"","background-image":"","background-repeat":"repeat","background-position":"center center","background-size":"auto","background-attachment":"scroll","background-type":"","background-media":"","overlay-type":"","overlay-color":"","overlay-opacity":"","overlay-gradient":""},"mobile":{"background-color":"","background-image":"","background-repeat":"repeat","background-position":"center center","background-size":"auto","background-attachment":"scroll","background-type":"","background-media":"","overlay-type":"","overlay-color":"","overlay-opacity":"","overlay-gradient":""}},"ast-content-background-meta":{"desktop":{"background-color":"var(--ast-global-color-5)","background-image":"","background-repeat":"repeat","background-position":"center center","background-size":"auto","background-attachment":"scroll","background-type":"","background-media":"","overlay-type":"","overlay-color":"","overlay-opacity":"","overlay-gradient":""},"tablet":{"background-color":"var(--ast-global-color-5)","background-image":"","background-repeat":"repeat","background-position":"center center","background-size":"auto","background-attachment":"scroll","background-type":"","background-media":"","overlay-type":"","overlay-color":"","overlay-opacity":"","overlay-gradient":""},"mobile":{"background-color":"var(--ast-global-color-5)","background-image":"","background-repeat":"repeat","background-position":"center center","background-size":"auto","background-attachment":"scroll","background-type":"","background-media":"","overlay-type":"","overlay-color":"","overlay-opacity":"","overlay-gradient":""}},"spay_email":"","footnotes":""},"categories":[1],"tags":[],"class_list":["post-1526","post","type-post","status-publish","format-standard","hentry","category-uncategorized"],"jetpack_featured_media_url":"","jetpack-related-posts":[{"id":1571,"url":"https:\/\/cofradiasantorosario.org.gt\/index.php\/2021\/09\/23\/1571\/","url_meta":{"origin":1526,"position":0},"title":"Primera lectura Lectura de la\u2026","date":"septiembre 23, 2021","format":false,"excerpt":"Primera lectura Lectura de la carta del ap\u00f3stol san Pablo a los Romanos 8, 1-11. Ahora no pesa condena alguna sobre los que est\u00e1n unidos a Cristo Jes\u00fas, pues, por la uni\u00f3n con Cristo Jes\u00fas, la ley del Esp\u00edritu de vida me ha librado de la ley del pecado y\u2026","rel":"","context":"Similar post","img":{"alt_text":"","src":"","width":0,"height":0},"classes":[]},{"id":1400,"url":"https:\/\/cofradiasantorosario.org.gt\/index.php\/2021\/09\/21\/1400\/","url_meta":{"origin":1526,"position":1},"title":"Primera lectura Lectura del Libro\u2026","date":"septiembre 21, 2021","format":false,"excerpt":"Primera lectura Lectura del Libro del G\u00e9nesis 2, 18-24 El Se\u00f1or Dios se dijo:\u00abNo es bueno que el hombre est\u00e9 solo; voy a hacerle a alguien como \u00e9l, que le ayude\u00bb. Entonces el Se\u00f1or Dios model\u00f3 de la tierra todas las bestias del campo y todos los p\u00e1jaros del cielo,\u2026","rel":"","context":"Similar post","img":{"alt_text":"","src":"","width":0,"height":0},"classes":[]},{"id":1216,"url":"https:\/\/cofradiasantorosario.org.gt\/index.php\/2021\/09\/20\/1216\/","url_meta":{"origin":1526,"position":2},"title":"Primera lectura Lectura del libro\u2026","date":"septiembre 20, 2021","format":false,"excerpt":"Primera lectura Lectura del libro de Baruc 1,15-22: Confesamos que el Se\u00f1or nuestro Dios es justo. Nosotros, en cambio, sentimos en este d\u00eda la verg\u00fcenza de la culpa. Nosotros, hombres de Jud\u00e1, vecinos de Jerusal\u00e9n, nuestros reyes y gobernantes, nuestros sacerdotes y profetas, lo mismo que nuestros antepasados, hemos pecado\u2026","rel":"","context":"In &quot;Religiosidad&quot;","img":{"alt_text":"","src":"","width":0,"height":0},"classes":[]},{"id":1524,"url":"https:\/\/cofradiasantorosario.org.gt\/index.php\/2021\/09\/22\/1524\/","url_meta":{"origin":1526,"position":3},"title":"Primera lectura Lectura de la\u2026","date":"septiembre 22, 2021","format":false,"excerpt":"Primera lectura Lectura de la carta del ap\u00f3stol san Pablo a los Romanos 2,1-11 T\u00fa, el que seas, que te eriges en juez, no tienes disculpa; al dar sentencia contra el otro te condenas t\u00fa mismo, porque t\u00fa, el juez, te portas igual. Todos admitimos que Dios condena con derecho\u2026","rel":"","context":"Similar post","img":{"alt_text":"","src":"","width":0,"height":0},"classes":[]},{"id":1615,"url":"https:\/\/cofradiasantorosario.org.gt\/index.php\/2021\/09\/23\/1615\/","url_meta":{"origin":1526,"position":4},"title":"Primera lectura Lectura del Libro\u2026","date":"septiembre 23, 2021","format":false,"excerpt":"Primera lectura Lectura del Libro del Deuteronomio 6, 2-6 Habl\u00f3 Mois\u00e9s al pueblo y le dijo:\u2013Teme al Se\u00f1or tu Dios, guardando todos los mandatos y preceptos que te manda, t\u00fa, tus hijos y tus nietos, mientras viv\u00e1is; as\u00ed prolongar\u00e1s tu vida. Esc\u00fachalo, Israel, y ponlo por obra para que te\u2026","rel":"","context":"Similar post","img":{"alt_text":"","src":"","width":0,"height":0},"classes":[]},{"id":1567,"url":"https:\/\/cofradiasantorosario.org.gt\/index.php\/2021\/09\/23\/1567\/","url_meta":{"origin":1526,"position":5},"title":"Primera lectura Lectura de la\u2026","date":"septiembre 23, 2021","format":false,"excerpt":"Primera lectura Lectura de la carta del ap\u00f3stol san Pablo a los Romanos 6, 19-23 Uso un lenguaje corriente, adapt\u00e1ndome a vuestra debilidad, propia de hombres; quiero decir esto: si antes cedisteis vuestros miembros como esclavos a la inmoralidad y al desorden, para el desorden total, ponedlos ahora al servicio\u2026","rel":"","context":"Similar post","img":{"alt_text":"","src":"","width":0,"height":0},"classes":[]}],"_links":{"self":[{"href":"https:\/\/cofradiasantorosario.org.gt\/index.php\/wp-json\/wp\/v2\/posts\/1526","targetHints":{"allow":["GET"]}}],"collection":[{"href":"https:\/\/cofradiasantorosario.org.gt\/index.php\/wp-json\/wp\/v2\/posts"}],"about":[{"href":"https:\/\/cofradiasantorosario.org.gt\/index.php\/wp-json\/wp\/v2\/types\/post"}],"author":[{"embeddable":true,"href":"https:\/\/cofradiasantorosario.org.gt\/index.php\/wp-json\/wp\/v2\/users\/2"}],"replies":[{"embeddable":true,"href":"https:\/\/cofradiasantorosario.org.gt\/index.php\/wp-json\/wp\/v2\/comments?post=1526"}],"version-history":[{"count":4,"href":"https:\/\/cofradiasantorosario.org.gt\/index.php\/wp-json\/wp\/v2\/posts\/1526\/revisions"}],"predecessor-version":[{"id":1543,"href":"https:\/\/cofradiasantorosario.org.gt\/index.php\/wp-json\/wp\/v2\/posts\/1526\/revisions\/1543"}],"wp:attachment":[{"href":"https:\/\/cofradiasantorosario.org.gt\/index.php\/wp-json\/wp\/v2\/media?parent=1526"}],"wp:term":[{"taxonomy":"category","embeddable":true,"href":"https:\/\/cofradiasantorosario.org.gt\/index.php\/wp-json\/wp\/v2\/categories?post=1526"},{"taxonomy":"post_tag","embeddable":true,"href":"https:\/\/cofradiasantorosario.org.gt\/index.php\/wp-json\/wp\/v2\/tags?post=1526"}],"curies":[{"name":"wp","href":"https:\/\/api.w.org\/{rel}","templated":true}]}}