{"id":1524,"date":"2021-09-22T22:36:28","date_gmt":"2021-09-23T04:36:28","guid":{"rendered":"https:\/\/cofradiasantorosario.org.gt\/?p=1524"},"modified":"2021-09-22T22:45:40","modified_gmt":"2021-09-23T04:45:40","slug":"1524","status":"publish","type":"post","link":"https:\/\/cofradiasantorosario.org.gt\/index.php\/2021\/09\/22\/1524\/","title":{"rendered":""},"content":{"rendered":"\t\t<div data-elementor-type=\"wp-post\" data-elementor-id=\"1524\" class=\"elementor elementor-1524\" data-elementor-settings=\"[]\">\n\t\t\t\t\t\t\t<div class=\"elementor-section-wrap\">\n\t\t\t\t\t\t\t<section class=\"elementor-section elementor-top-section elementor-element elementor-element-8efba76 elementor-section-boxed elementor-section-height-default elementor-section-height-default\" data-id=\"8efba76\" data-element_type=\"section\">\n\t\t\t\t\t\t<div class=\"elementor-container elementor-column-gap-default\">\n\t\t\t\t\t<div class=\"elementor-column elementor-col-100 elementor-top-column elementor-element elementor-element-13e342d\" data-id=\"13e342d\" data-element_type=\"column\">\n\t\t\t<div class=\"elementor-widget-wrap elementor-element-populated\">\n\t\t\t\t\t\t\t\t<div class=\"elementor-element elementor-element-ac42dc6 elementor-widget elementor-widget-image\" data-id=\"ac42dc6\" data-element_type=\"widget\" data-widget_type=\"image.default\">\n\t\t\t\t<div class=\"elementor-widget-container\">\n\t\t\t\t\t\t\t\t\t\t\t\t\t\t\t<img loading=\"lazy\" decoding=\"async\" width=\"300\" height=\"164\" src=\"https:\/\/i2.wp.com\/cofradiasantorosario.org.gt\/wp-content\/uploads\/2021\/09\/LOGO-COFRADIA-2.png?fit=300%2C164&amp;ssl=1\" class=\"attachment-medium size-medium\" alt=\"\" srcset=\"https:\/\/i2.wp.com\/cofradiasantorosario.org.gt\/wp-content\/uploads\/2021\/09\/LOGO-COFRADIA-2.png?w=495&amp;ssl=1 495w, https:\/\/i2.wp.com\/cofradiasantorosario.org.gt\/wp-content\/uploads\/2021\/09\/LOGO-COFRADIA-2.png?resize=300%2C164&amp;ssl=1 300w\" sizes=\"auto, (max-width: 300px) 100vw, 300px\" \/>\t\t\t\t\t\t\t\t\t\t\t\t\t\t\t<\/div>\n\t\t\t\t<\/div>\n\t\t\t\t\t<\/div>\n\t\t<\/div>\n\t\t\t\t\t\t\t<\/div>\n\t\t<\/section>\n\t\t\t\t<section class=\"elementor-section elementor-top-section elementor-element elementor-element-b5ceafc elementor-section-boxed elementor-section-height-default elementor-section-height-default\" data-id=\"b5ceafc\" data-element_type=\"section\">\n\t\t\t\t\t\t<div class=\"elementor-container elementor-column-gap-default\">\n\t\t\t\t\t<div class=\"elementor-column elementor-col-100 elementor-top-column elementor-element elementor-element-45960342\" data-id=\"45960342\" data-element_type=\"column\">\n\t\t\t<div class=\"elementor-widget-wrap elementor-element-populated\">\n\t\t\t\t\t\t\t\t<div class=\"elementor-element elementor-element-6ca0abdb elementor-widget elementor-widget-text-editor\" data-id=\"6ca0abdb\" data-element_type=\"widget\" data-widget_type=\"text-editor.default\">\n\t\t\t\t<div class=\"elementor-widget-container\">\n\t\t\t\t\t\t\t<!-- wp:heading -->\n<h3>Primera lectura<\/h3>\n<!-- \/wp:heading --><!-- wp:heading {\"level\":3} -->\n<h4>Lectura de la carta del ap\u00f3stol san Pablo a los Romanos 2,1-11<\/h4>\n<!-- \/wp:heading --><!-- wp:paragraph -->\n<p>T\u00fa, el que seas, que te eriges en juez, no tienes disculpa; al dar sentencia contra el otro te condenas t\u00fa mismo, porque t\u00fa, el juez, te portas igual. Todos admitimos que Dios condena con derecho a los que obran mal, a los que obran de esa manera. Y t\u00fa, que juzgas a los que hacen eso, mientras t\u00fa haces lo mismo, \u00bfte figuras que vas a escapar de la sentencia de Dios? \u00bfO es que desprecias el tesoro de su bondad, tolerancia y paciencia, al no reconocer que esa bondad es para empujarte a la conversi\u00f3n? Con la dureza de tu coraz\u00f3n impenitente te est\u00e1s almacenando castigos para el d\u00eda del castigo, cuando se revelar\u00e1 el justo juicio de Dios, pagando a cada uno seg\u00fan sus obras. A los que han perseverado en hacer el bien, porque buscaban contemplar su gloria y superar la muerte, les dar\u00e1 vida eterna; a los porfiados que se rebelan contra la verdad y se rinden a la injusticia, les dar\u00e1 un castigo implacable. Pena y angustia tocar\u00e1n a todo malhechor, primero al jud\u00edo, pero tambi\u00e9n al griego; en cambio, gloria, honor y paz a todo el que obre. el bien, primero al jud\u00edo, pero tambi\u00e9n al griego; porque Dios no tiene favoritismos<\/p>\n<!-- \/wp:paragraph --><!-- wp:heading -->\n<h3>Salmo<\/h3>\n<!-- \/wp:heading --><!-- wp:heading {\"level\":3} -->\n<h4>Sal 61,2-3.6-7.9 R\/. T\u00fa, Se\u00f1or, pagas a cada uno seg\u00fan sus obras<\/h4>\n<!-- \/wp:heading --><!-- wp:paragraph -->\n<p>S\u00f3lo en Dios descansa mi alma,<br \/>porque de \u00e9l viene mi salvaci\u00f3n;<br \/>s\u00f3lo \u00e9l es mi roca y mi salvaci\u00f3n,<br \/>mi alc\u00e1zar: no vacilar\u00e9. R\/.<\/p>\n<!-- \/wp:paragraph --><!-- wp:paragraph -->\n<p>Descansa s\u00f3lo en Dios, alma m\u00eda,<br \/>porque \u00e9l es mi esperanza;<br \/>s\u00f3lo \u00e9l es mi roca y mi salvaci\u00f3n,<br \/>mi alc\u00e1zar: no vacilar\u00e9. R\/.<\/p>\n<!-- \/wp:paragraph --><!-- wp:paragraph -->\n<p>Pueblo suyo, confiad en \u00e9l,<br \/>desahogad ante \u00e9l vuestro coraz\u00f3n,<br \/>que Dios es nuestro refugio. R\/.<\/p>\n<!-- \/wp:paragraph --><!-- wp:heading -->\n<h3>Evangelio del d\u00eda<\/h3>\n<!-- \/wp:heading --><!-- wp:heading {\"level\":3} -->\n<h4>Lectura del santo evangelio seg\u00fan san Lucas 11,42-46<\/h4>\n<!-- \/wp:heading --><!-- wp:paragraph -->\n<p>En aquel tiempo, dijo el Se\u00f1or: \u00ab\u00a1Ay de vosotros, fariseos, que pag\u00e1is el diezmo de la hierbabuena, de la ruda y de toda clase de legumbres, mientras pas\u00e1is por alto el derecho y el amor de Dios! Esto habr\u00eda que practicar, sin descuidar aquello. \u00a1Ay de vosotros, fariseos, que os encantan los asientos de honor en las sinagogas y las reverencias por la calle! \u00a1Ay de vosotros, que sois como tumbas sin se\u00f1al, que la gente pisa sin saberlo!\u00bb<br \/>Un maestro de la Ley intervino y le dijo: \u00abMaestro, diciendo eso nos ofendes tambi\u00e9n a nosotros.\u00bb<br \/>Jes\u00fas replic\u00f3: \u00ab\u00a1Ay de vosotros tambi\u00e9n, maestros de la Ley, que abrum\u00e1is a la gente con cargas insoportables, mientras vosotros no las toc\u00e1is ni con un dedo!\u00bb<\/p>\n<!-- \/wp:paragraph -->\t\t\t\t\t\t<\/div>\n\t\t\t\t<\/div>\n\t\t\t\t\t<\/div>\n\t\t<\/div>\n\t\t\t\t\t\t\t<\/div>\n\t\t<\/section>\n\t\t\t\t\t\t<\/div>\n\t\t\t\t\t<\/div>\n\t\t","protected":false},"excerpt":{"rendered":"<p>Primera lectura Lectura de la carta del ap\u00f3stol san Pablo a los Romanos 2,1-11 T\u00fa, el que seas, que te eriges en juez, no tienes disculpa; al dar sentencia contra [&hellip;]<\/p>\n","protected":false},"author":2,"featured_media":0,"comment_status":"closed","ping_status":"closed","sticky":false,"template":"elementor_canvas","format":"standard","meta":{"om_disable_all_campaigns":false,"_monsterinsights_skip_tracking":false,"_monsterinsights_sitenote_active":false,"_monsterinsights_sitenote_note":"","_monsterinsights_sitenote_category":0,"site-sidebar-layout":"default","site-content-layout":"default","ast-site-content-layout":"","site-content-style":"default","site-sidebar-style":"default","ast-global-header-display":"","ast-banner-title-visibility":"","ast-main-header-display":"","ast-hfb-above-header-display":"","ast-hfb-below-header-display":"","ast-hfb-mobile-header-display":"","site-post-title":"","ast-breadcrumbs-content":"","ast-featured-img":"","footer-sml-layout":"","theme-transparent-header-meta":"default","adv-header-id-meta":"","stick-header-meta":"","header-above-stick-meta":"","header-main-stick-meta":"","header-below-stick-meta":"","astra-migrate-meta-layouts":"default","ast-page-background-enabled":"default","ast-page-background-meta":{"desktop":{"background-color":"","background-image":"","background-repeat":"repeat","background-position":"center center","background-size":"auto","background-attachment":"scroll","background-type":"","background-media":"","overlay-type":"","overlay-color":"","overlay-opacity":"","overlay-gradient":""},"tablet":{"background-color":"","background-image":"","background-repeat":"repeat","background-position":"center center","background-size":"auto","background-attachment":"scroll","background-type":"","background-media":"","overlay-type":"","overlay-color":"","overlay-opacity":"","overlay-gradient":""},"mobile":{"background-color":"","background-image":"","background-repeat":"repeat","background-position":"center center","background-size":"auto","background-attachment":"scroll","background-type":"","background-media":"","overlay-type":"","overlay-color":"","overlay-opacity":"","overlay-gradient":""}},"ast-content-background-meta":{"desktop":{"background-color":"var(--ast-global-color-5)","background-image":"","background-repeat":"repeat","background-position":"center center","background-size":"auto","background-attachment":"scroll","background-type":"","background-media":"","overlay-type":"","overlay-color":"","overlay-opacity":"","overlay-gradient":""},"tablet":{"background-color":"var(--ast-global-color-5)","background-image":"","background-repeat":"repeat","background-position":"center center","background-size":"auto","background-attachment":"scroll","background-type":"","background-media":"","overlay-type":"","overlay-color":"","overlay-opacity":"","overlay-gradient":""},"mobile":{"background-color":"var(--ast-global-color-5)","background-image":"","background-repeat":"repeat","background-position":"center center","background-size":"auto","background-attachment":"scroll","background-type":"","background-media":"","overlay-type":"","overlay-color":"","overlay-opacity":"","overlay-gradient":""}},"spay_email":"","footnotes":""},"categories":[1],"tags":[],"class_list":["post-1524","post","type-post","status-publish","format-standard","hentry","category-uncategorized"],"jetpack_featured_media_url":"","jetpack-related-posts":[{"id":1571,"url":"https:\/\/cofradiasantorosario.org.gt\/index.php\/2021\/09\/23\/1571\/","url_meta":{"origin":1524,"position":0},"title":"Primera lectura Lectura de la\u2026","date":"septiembre 23, 2021","format":false,"excerpt":"Primera lectura Lectura de la carta del ap\u00f3stol san Pablo a los Romanos 8, 1-11. Ahora no pesa condena alguna sobre los que est\u00e1n unidos a Cristo Jes\u00fas, pues, por la uni\u00f3n con Cristo Jes\u00fas, la ley del Esp\u00edritu de vida me ha librado de la ley del pecado y\u2026","rel":"","context":"Similar post","img":{"alt_text":"","src":"","width":0,"height":0},"classes":[]},{"id":1569,"url":"https:\/\/cofradiasantorosario.org.gt\/index.php\/2021\/09\/23\/1569\/","url_meta":{"origin":1524,"position":1},"title":"Primera lectura Lectura de la\u2026","date":"septiembre 23, 2021","format":false,"excerpt":"Primera lectura Lectura de la carta del ap\u00f3stol san Pablo a los Romanos 7, 18-24 S\u00e9 muy bien que no es bueno eso que habita en m\u00ed, es decir, en mi carne; porque el querer lo bueno lo tengo a mano, pero el hacerlo, no. El bien que quiero hacer\u2026","rel":"","context":"Similar post","img":{"alt_text":"","src":"","width":0,"height":0},"classes":[]},{"id":1513,"url":"https:\/\/cofradiasantorosario.org.gt\/index.php\/2021\/09\/22\/1513\/","url_meta":{"origin":1524,"position":2},"title":"Primera lectura Comienzo de la\u2026","date":"septiembre 22, 2021","format":false,"excerpt":"Primera lectura Comienzo de la carta del ap\u00f3stol san Pablo a los Romanos (1,1-7) Pablo, sirvo de Cristo Jes\u00fas, llamado a ser ap\u00f3stol, escogido para anunciar el Evangelio de Dios. Este Evangelio, prometido ya por sus profetas en las Escrituras santas, se refiere a su Hijo, nacido, seg\u00fan la carne,\u2026","rel":"","context":"Similar post","img":{"alt_text":"","src":"","width":0,"height":0},"classes":[]},{"id":1400,"url":"https:\/\/cofradiasantorosario.org.gt\/index.php\/2021\/09\/21\/1400\/","url_meta":{"origin":1524,"position":3},"title":"Primera lectura Lectura del Libro\u2026","date":"septiembre 21, 2021","format":false,"excerpt":"Primera lectura Lectura del Libro del G\u00e9nesis 2, 18-24 El Se\u00f1or Dios se dijo:\u00abNo es bueno que el hombre est\u00e9 solo; voy a hacerle a alguien como \u00e9l, que le ayude\u00bb. Entonces el Se\u00f1or Dios model\u00f3 de la tierra todas las bestias del campo y todos los p\u00e1jaros del cielo,\u2026","rel":"","context":"Similar post","img":{"alt_text":"","src":"","width":0,"height":0},"classes":[]},{"id":1562,"url":"https:\/\/cofradiasantorosario.org.gt\/index.php\/2021\/09\/23\/1562\/","url_meta":{"origin":1524,"position":4},"title":"Primera lectura Lectura de la\u2026","date":"septiembre 23, 2021","format":false,"excerpt":"Primera lectura Lectura de la carta del ap\u00f3stol san Pablo a los Romanos 5,12.15b.17-19.20b-21 Lo mismo que por un hombre entr\u00f3 el pecado en el mundo, y por el pecado la muerte, y as\u00ed la muerte pas\u00f3 a todos los hombres, porque todos pecaron. Si por la transgresi\u00f3n de uno\u2026","rel":"","context":"Similar post","img":{"alt_text":"","src":"","width":0,"height":0},"classes":[]},{"id":1615,"url":"https:\/\/cofradiasantorosario.org.gt\/index.php\/2021\/09\/23\/1615\/","url_meta":{"origin":1524,"position":5},"title":"Primera lectura Lectura del Libro\u2026","date":"septiembre 23, 2021","format":false,"excerpt":"Primera lectura Lectura del Libro del Deuteronomio 6, 2-6 Habl\u00f3 Mois\u00e9s al pueblo y le dijo:\u2013Teme al Se\u00f1or tu Dios, guardando todos los mandatos y preceptos que te manda, t\u00fa, tus hijos y tus nietos, mientras viv\u00e1is; as\u00ed prolongar\u00e1s tu vida. Esc\u00fachalo, Israel, y ponlo por obra para que te\u2026","rel":"","context":"Similar post","img":{"alt_text":"","src":"","width":0,"height":0},"classes":[]}],"_links":{"self":[{"href":"https:\/\/cofradiasantorosario.org.gt\/index.php\/wp-json\/wp\/v2\/posts\/1524","targetHints":{"allow":["GET"]}}],"collection":[{"href":"https:\/\/cofradiasantorosario.org.gt\/index.php\/wp-json\/wp\/v2\/posts"}],"about":[{"href":"https:\/\/cofradiasantorosario.org.gt\/index.php\/wp-json\/wp\/v2\/types\/post"}],"author":[{"embeddable":true,"href":"https:\/\/cofradiasantorosario.org.gt\/index.php\/wp-json\/wp\/v2\/users\/2"}],"replies":[{"embeddable":true,"href":"https:\/\/cofradiasantorosario.org.gt\/index.php\/wp-json\/wp\/v2\/comments?post=1524"}],"version-history":[{"count":4,"href":"https:\/\/cofradiasantorosario.org.gt\/index.php\/wp-json\/wp\/v2\/posts\/1524\/revisions"}],"predecessor-version":[{"id":1540,"href":"https:\/\/cofradiasantorosario.org.gt\/index.php\/wp-json\/wp\/v2\/posts\/1524\/revisions\/1540"}],"wp:attachment":[{"href":"https:\/\/cofradiasantorosario.org.gt\/index.php\/wp-json\/wp\/v2\/media?parent=1524"}],"wp:term":[{"taxonomy":"category","embeddable":true,"href":"https:\/\/cofradiasantorosario.org.gt\/index.php\/wp-json\/wp\/v2\/categories?post=1524"},{"taxonomy":"post_tag","embeddable":true,"href":"https:\/\/cofradiasantorosario.org.gt\/index.php\/wp-json\/wp\/v2\/tags?post=1524"}],"curies":[{"name":"wp","href":"https:\/\/api.w.org\/{rel}","templated":true}]}}