{"id":1521,"date":"2021-09-22T22:35:03","date_gmt":"2021-09-23T04:35:03","guid":{"rendered":"https:\/\/cofradiasantorosario.org.gt\/?p=1521"},"modified":"2021-09-22T22:43:25","modified_gmt":"2021-09-23T04:43:25","slug":"1521","status":"publish","type":"post","link":"https:\/\/cofradiasantorosario.org.gt\/index.php\/2021\/09\/22\/1521\/","title":{"rendered":""},"content":{"rendered":"\t\t<div data-elementor-type=\"wp-post\" data-elementor-id=\"1521\" class=\"elementor elementor-1521\" data-elementor-settings=\"[]\">\n\t\t\t\t\t\t\t<div class=\"elementor-section-wrap\">\n\t\t\t\t\t\t\t<section class=\"elementor-section elementor-top-section elementor-element elementor-element-41a0770 elementor-section-boxed elementor-section-height-default elementor-section-height-default\" data-id=\"41a0770\" data-element_type=\"section\">\n\t\t\t\t\t\t<div class=\"elementor-container elementor-column-gap-default\">\n\t\t\t\t\t<div class=\"elementor-column elementor-col-100 elementor-top-column elementor-element elementor-element-efaaa50\" data-id=\"efaaa50\" data-element_type=\"column\">\n\t\t\t<div class=\"elementor-widget-wrap elementor-element-populated\">\n\t\t\t\t\t\t\t\t<div class=\"elementor-element elementor-element-47546bd elementor-widget elementor-widget-image\" data-id=\"47546bd\" data-element_type=\"widget\" data-widget_type=\"image.default\">\n\t\t\t\t<div class=\"elementor-widget-container\">\n\t\t\t\t\t\t\t\t\t\t\t\t\t\t\t<img loading=\"lazy\" decoding=\"async\" width=\"300\" height=\"164\" src=\"https:\/\/i2.wp.com\/cofradiasantorosario.org.gt\/wp-content\/uploads\/2021\/09\/LOGO-COFRADIA-2.png?fit=300%2C164&amp;ssl=1\" class=\"attachment-medium size-medium\" alt=\"\" srcset=\"https:\/\/i2.wp.com\/cofradiasantorosario.org.gt\/wp-content\/uploads\/2021\/09\/LOGO-COFRADIA-2.png?w=495&amp;ssl=1 495w, https:\/\/i2.wp.com\/cofradiasantorosario.org.gt\/wp-content\/uploads\/2021\/09\/LOGO-COFRADIA-2.png?resize=300%2C164&amp;ssl=1 300w\" sizes=\"auto, (max-width: 300px) 100vw, 300px\" \/>\t\t\t\t\t\t\t\t\t\t\t\t\t\t\t<\/div>\n\t\t\t\t<\/div>\n\t\t\t\t\t<\/div>\n\t\t<\/div>\n\t\t\t\t\t\t\t<\/div>\n\t\t<\/section>\n\t\t\t\t<section class=\"elementor-section elementor-top-section elementor-element elementor-element-15ba0b0b elementor-section-boxed elementor-section-height-default elementor-section-height-default\" data-id=\"15ba0b0b\" data-element_type=\"section\">\n\t\t\t\t\t\t<div class=\"elementor-container elementor-column-gap-default\">\n\t\t\t\t\t<div class=\"elementor-column elementor-col-100 elementor-top-column elementor-element elementor-element-10a1f8a\" data-id=\"10a1f8a\" data-element_type=\"column\">\n\t\t\t<div class=\"elementor-widget-wrap elementor-element-populated\">\n\t\t\t\t\t\t\t\t<div class=\"elementor-element elementor-element-523436f5 elementor-widget elementor-widget-text-editor\" data-id=\"523436f5\" data-element_type=\"widget\" data-widget_type=\"text-editor.default\">\n\t\t\t\t<div class=\"elementor-widget-container\">\n\t\t\t\t\t\t\t<!-- wp:heading -->\n<h3>Primera lectura<\/h3>\n<!-- \/wp:heading --><!-- wp:heading {\"level\":3} -->\n<h4>Lectura del primer libro de las Cr\u00f3nicas 15, 3-4. 15-16; 16, 1-2<\/h4>\n<!-- \/wp:heading --><!-- wp:paragraph -->\n<p>En aquellos d\u00edas, David congreg\u00f3 en Jerusal\u00e9n a todo Israel para subir el Arca del Se\u00f1or al lugar que le hab\u00eda preparado. Reuni\u00f3 tambi\u00e9n a los hijos de Aar\u00f3n y a los levitas. Luego los levitas levantaron el Arca de Dios tal como lo hab\u00eda mandado Mois\u00e9s por orden del Se\u00f1or: apoyando los varales sobre sus hombros.<br \/>David mand\u00f3 a los jefes de los levitas emplazar a los cantores de sus familias con instrumentos musicales \u2014arpas, c\u00edtaras y platillos\u2014 para que los hiciesen resonar, alzando la voz con j\u00fabilo.<br \/>Llevaron el Arca de Dios y la colocaron en el centro de la tienda que David le hab\u00eda preparado. Ofrecieron holocaustos y sacrificios de comuni\u00f3n en presencia de Dios. Cuando David acab\u00f3 de ofrecerlos, bendijo al pueblo en nombre del Se\u00f1or.<\/p>\n<!-- \/wp:paragraph --><!-- wp:heading -->\n<h3>Salmo<\/h3>\n<!-- \/wp:heading --><!-- wp:heading {\"level\":3} -->\n<h4>Sal 26, 1. 3. 4. 5 R\/. El Se\u00f1or me ha coronado, sobre la columna me ha exaltado<\/h4>\n<!-- \/wp:heading --><!-- wp:paragraph -->\n<p>El Se\u00f1or es mi luz y mi salvaci\u00f3n,<br \/>\u00bfa qui\u00e9n temer\u00e9?<br \/>El Se\u00f1or es la defensa de mi vida,<br \/>\u00bfQui\u00e9n me har\u00e1 temblar? R\/.<br \/><br \/>Si un ej\u00e9rcito acampa contra m\u00ed,<br \/>mi coraz\u00f3n no tiembla;<br \/>si me declaran la guerra,<br \/>me siento tranquilo. R\/.<br \/><br \/>Una cosa pido al Se\u00f1or, eso buscar\u00e9:<br \/>habitar en la casa del Se\u00f1or por los d\u00edas de mi vida;<br \/>gozar de la dulzura del Se\u00f1or,<br \/>contemplando su templo. R\/.<\/p>\n<!-- \/wp:paragraph --><!-- wp:paragraph -->\n<p>El me proteger\u00e1 en su tienda<br \/>el d\u00eda del peligro;<br \/>me esconder\u00e1 en lo escondido de su morada,<br \/>me alzar\u00e1 sobre la roca. R\/.<\/p>\n<!-- \/wp:paragraph --><!-- wp:heading -->\n<h3>Evangelio del d\u00eda<\/h3>\n<!-- \/wp:heading --><!-- wp:heading {\"level\":3} -->\n<h4>Lectura del santo evangelio seg\u00fan san Lucas 11, 27-28<\/h4>\n<!-- \/wp:heading --><!-- wp:paragraph -->\n<p>En aquel tiempo, mientras Jes\u00fas hablaba a la gente, una mujer de entre el gent\u00edo, levantando la voz, le dijo:<br \/>\u00abBienaventurado el vientre que te llev\u00f3 y los pechos que te criaron\u00bb.<br \/>Pero \u00e9l dijo:<br \/>\u00abMejor, bienaventurados los que escuchan la palabra de Dios y la cumplen\u00bb.<\/p>\n<!-- \/wp:paragraph -->\t\t\t\t\t\t<\/div>\n\t\t\t\t<\/div>\n\t\t\t\t\t<\/div>\n\t\t<\/div>\n\t\t\t\t\t\t\t<\/div>\n\t\t<\/section>\n\t\t\t\t\t\t<\/div>\n\t\t\t\t\t<\/div>\n\t\t","protected":false},"excerpt":{"rendered":"<p>Primera lectura Lectura del primer libro de las Cr\u00f3nicas 15, 3-4. 15-16; 16, 1-2 En aquellos d\u00edas, David congreg\u00f3 en Jerusal\u00e9n a todo Israel para subir el Arca del Se\u00f1or [&hellip;]<\/p>\n","protected":false},"author":2,"featured_media":0,"comment_status":"closed","ping_status":"closed","sticky":false,"template":"elementor_canvas","format":"standard","meta":{"om_disable_all_campaigns":false,"_monsterinsights_skip_tracking":false,"_monsterinsights_sitenote_active":false,"_monsterinsights_sitenote_note":"","_monsterinsights_sitenote_category":0,"site-sidebar-layout":"default","site-content-layout":"default","ast-site-content-layout":"","site-content-style":"default","site-sidebar-style":"default","ast-global-header-display":"","ast-banner-title-visibility":"","ast-main-header-display":"","ast-hfb-above-header-display":"","ast-hfb-below-header-display":"","ast-hfb-mobile-header-display":"","site-post-title":"","ast-breadcrumbs-content":"","ast-featured-img":"","footer-sml-layout":"","theme-transparent-header-meta":"default","adv-header-id-meta":"","stick-header-meta":"","header-above-stick-meta":"","header-main-stick-meta":"","header-below-stick-meta":"","astra-migrate-meta-layouts":"default","ast-page-background-enabled":"default","ast-page-background-meta":{"desktop":{"background-color":"","background-image":"","background-repeat":"repeat","background-position":"center center","background-size":"auto","background-attachment":"scroll","background-type":"","background-media":"","overlay-type":"","overlay-color":"","overlay-opacity":"","overlay-gradient":""},"tablet":{"background-color":"","background-image":"","background-repeat":"repeat","background-position":"center center","background-size":"auto","background-attachment":"scroll","background-type":"","background-media":"","overlay-type":"","overlay-color":"","overlay-opacity":"","overlay-gradient":""},"mobile":{"background-color":"","background-image":"","background-repeat":"repeat","background-position":"center center","background-size":"auto","background-attachment":"scroll","background-type":"","background-media":"","overlay-type":"","overlay-color":"","overlay-opacity":"","overlay-gradient":""}},"ast-content-background-meta":{"desktop":{"background-color":"var(--ast-global-color-5)","background-image":"","background-repeat":"repeat","background-position":"center center","background-size":"auto","background-attachment":"scroll","background-type":"","background-media":"","overlay-type":"","overlay-color":"","overlay-opacity":"","overlay-gradient":""},"tablet":{"background-color":"var(--ast-global-color-5)","background-image":"","background-repeat":"repeat","background-position":"center center","background-size":"auto","background-attachment":"scroll","background-type":"","background-media":"","overlay-type":"","overlay-color":"","overlay-opacity":"","overlay-gradient":""},"mobile":{"background-color":"var(--ast-global-color-5)","background-image":"","background-repeat":"repeat","background-position":"center center","background-size":"auto","background-attachment":"scroll","background-type":"","background-media":"","overlay-type":"","overlay-color":"","overlay-opacity":"","overlay-gradient":""}},"spay_email":"","footnotes":""},"categories":[1],"tags":[],"class_list":["post-1521","post","type-post","status-publish","format-standard","hentry","category-uncategorized"],"jetpack_featured_media_url":"","jetpack-related-posts":[{"id":1615,"url":"https:\/\/cofradiasantorosario.org.gt\/index.php\/2021\/09\/23\/1615\/","url_meta":{"origin":1521,"position":0},"title":"Primera lectura Lectura del Libro\u2026","date":"septiembre 23, 2021","format":false,"excerpt":"Primera lectura Lectura del Libro del Deuteronomio 6, 2-6 Habl\u00f3 Mois\u00e9s al pueblo y le dijo:\u2013Teme al Se\u00f1or tu Dios, guardando todos los mandatos y preceptos que te manda, t\u00fa, tus hijos y tus nietos, mientras viv\u00e1is; as\u00ed prolongar\u00e1s tu vida. Esc\u00fachalo, Israel, y ponlo por obra para que te\u2026","rel":"","context":"Similar post","img":{"alt_text":"","src":"","width":0,"height":0},"classes":[]},{"id":1415,"url":"https:\/\/cofradiasantorosario.org.gt\/index.php\/2021\/09\/21\/1415\/","url_meta":{"origin":1521,"position":1},"title":"Primera lectura Comienzo de la\u2026","date":"septiembre 21, 2021","format":false,"excerpt":"Primera lectura Comienzo de la profec\u00eda de Jon\u00e1s 1,1\u20132,1.11: EL Se\u00f1or dirigi\u00f3 su palabra a Jon\u00e1s, hijo de Amitai, en estos t\u00e9rminos:\u00abPonte en marcha, ve a N\u00ednive, la gran ciudad, y ll\u00e9vale este mensaje contra ella, pues me he enterado de sus cr\u00edmenes\u00bb. Jon\u00e1s se puso en marcha para huir\u2026","rel":"","context":"Similar post","img":{"alt_text":"","src":"https:\/\/i0.wp.com\/cofradiasantorosario.org.gt\/wp-content\/uploads\/2021\/09\/LOGO-COFRADIA-1.png?resize=350%2C200&ssl=1","width":350,"height":200},"classes":[]},{"id":1555,"url":"https:\/\/cofradiasantorosario.org.gt\/index.php\/2021\/09\/23\/1555\/","url_meta":{"origin":1521,"position":2},"title":"Primera lectura Lectura de la\u2026","date":"septiembre 23, 2021","format":false,"excerpt":"Primera lectura Lectura de la segunda carta del ap\u00f3stol san Pablo a Timoteo 4, 10-17b Dimas me ha dejado, enamorado de este mundo presente, y se ha marchado a Tesal\u00f3nica; Crescente se ha ido a Galacia; Tito, a Dalmacia; s\u00f3lo Lucas est\u00e1 conmigo. Coge a Marcos y tr\u00e1etelo contigo, ayuda\u2026","rel":"","context":"Similar post","img":{"alt_text":"","src":"","width":0,"height":0},"classes":[]},{"id":1256,"url":"https:\/\/cofradiasantorosario.org.gt\/index.php\/2021\/09\/20\/1256\/","url_meta":{"origin":1521,"position":3},"title":"Primera lectura Lectura del libro\u2026","date":"septiembre 20, 2021","format":false,"excerpt":"Primera lectura Lectura del libro de Baruc 4, 5-12. 27-29 \u00a1\u00c1nimo, pueblo m\u00edo, que llevas el nombre de Israel!\u00a0Os vendieron a naciones extranjeras,\u00a0pero no para ser aniquilados.\u00a0Por la c\u00f3lera de Dios contra vosotros,\u00a0os entregaron en poder del enemigo,\u00a0porque irritasteis a vuestro Creador,\u00a0sacrificando a demonios, no a Dios;\u00a0os olvidasteis del Se\u00f1or\u2026","rel":"","context":"Similar post","img":{"alt_text":"","src":"","width":0,"height":0},"classes":[]},{"id":1400,"url":"https:\/\/cofradiasantorosario.org.gt\/index.php\/2021\/09\/21\/1400\/","url_meta":{"origin":1521,"position":4},"title":"Primera lectura Lectura del Libro\u2026","date":"septiembre 21, 2021","format":false,"excerpt":"Primera lectura Lectura del Libro del G\u00e9nesis 2, 18-24 El Se\u00f1or Dios se dijo:\u00abNo es bueno que el hombre est\u00e9 solo; voy a hacerle a alguien como \u00e9l, que le ayude\u00bb. Entonces el Se\u00f1or Dios model\u00f3 de la tierra todas las bestias del campo y todos los p\u00e1jaros del cielo,\u2026","rel":"","context":"Similar post","img":{"alt_text":"","src":"","width":0,"height":0},"classes":[]},{"id":1528,"url":"https:\/\/cofradiasantorosario.org.gt\/index.php\/2021\/09\/22\/1528\/","url_meta":{"origin":1521,"position":5},"title":"Primera lectura Lectura del libro\u2026","date":"septiembre 22, 2021","format":false,"excerpt":"Primera lectura Lectura del libro del Eclesi\u00e1stico 15, 1-6 As\u00ed obra el que teme al Se\u00f1or, el que observa la ley alcanza la sabidur\u00eda.Ella le sale al encuentro como una madre y lo acoge como una joven esposa. Lo alimenta con pan de inteligencia y le da a beber agua\u2026","rel":"","context":"Similar post","img":{"alt_text":"","src":"","width":0,"height":0},"classes":[]}],"_links":{"self":[{"href":"https:\/\/cofradiasantorosario.org.gt\/index.php\/wp-json\/wp\/v2\/posts\/1521","targetHints":{"allow":["GET"]}}],"collection":[{"href":"https:\/\/cofradiasantorosario.org.gt\/index.php\/wp-json\/wp\/v2\/posts"}],"about":[{"href":"https:\/\/cofradiasantorosario.org.gt\/index.php\/wp-json\/wp\/v2\/types\/post"}],"author":[{"embeddable":true,"href":"https:\/\/cofradiasantorosario.org.gt\/index.php\/wp-json\/wp\/v2\/users\/2"}],"replies":[{"embeddable":true,"href":"https:\/\/cofradiasantorosario.org.gt\/index.php\/wp-json\/wp\/v2\/comments?post=1521"}],"version-history":[{"count":4,"href":"https:\/\/cofradiasantorosario.org.gt\/index.php\/wp-json\/wp\/v2\/posts\/1521\/revisions"}],"predecessor-version":[{"id":1537,"href":"https:\/\/cofradiasantorosario.org.gt\/index.php\/wp-json\/wp\/v2\/posts\/1521\/revisions\/1537"}],"wp:attachment":[{"href":"https:\/\/cofradiasantorosario.org.gt\/index.php\/wp-json\/wp\/v2\/media?parent=1521"}],"wp:term":[{"taxonomy":"category","embeddable":true,"href":"https:\/\/cofradiasantorosario.org.gt\/index.php\/wp-json\/wp\/v2\/categories?post=1521"},{"taxonomy":"post_tag","embeddable":true,"href":"https:\/\/cofradiasantorosario.org.gt\/index.php\/wp-json\/wp\/v2\/tags?post=1521"}],"curies":[{"name":"wp","href":"https:\/\/api.w.org\/{rel}","templated":true}]}}