{"id":1481,"date":"2021-09-21T20:38:17","date_gmt":"2021-09-22T02:38:17","guid":{"rendered":"https:\/\/cofradiasantorosario.org.gt\/?p=1481"},"modified":"2021-09-21T21:35:53","modified_gmt":"2021-09-22T03:35:53","slug":"1481","status":"publish","type":"post","link":"https:\/\/cofradiasantorosario.org.gt\/index.php\/2021\/09\/21\/1481\/","title":{"rendered":""},"content":{"rendered":"\t\t<div data-elementor-type=\"wp-post\" data-elementor-id=\"1481\" class=\"elementor elementor-1481\" data-elementor-settings=\"[]\">\n\t\t\t\t\t\t\t<div class=\"elementor-section-wrap\">\n\t\t\t\t\t\t\t<section class=\"elementor-section elementor-top-section elementor-element elementor-element-98274e7 elementor-section-boxed elementor-section-height-default elementor-section-height-default\" data-id=\"98274e7\" data-element_type=\"section\">\n\t\t\t\t\t\t<div class=\"elementor-container elementor-column-gap-default\">\n\t\t\t\t\t<div class=\"elementor-column elementor-col-100 elementor-top-column elementor-element elementor-element-622a6e8\" data-id=\"622a6e8\" data-element_type=\"column\">\n\t\t\t<div class=\"elementor-widget-wrap elementor-element-populated\">\n\t\t\t\t\t\t\t\t<div class=\"elementor-element elementor-element-15873dd elementor-widget elementor-widget-image\" data-id=\"15873dd\" data-element_type=\"widget\" data-widget_type=\"image.default\">\n\t\t\t\t<div class=\"elementor-widget-container\">\n\t\t\t\t\t\t\t\t\t\t\t\t\t\t\t<img loading=\"lazy\" decoding=\"async\" width=\"300\" height=\"164\" src=\"https:\/\/i2.wp.com\/cofradiasantorosario.org.gt\/wp-content\/uploads\/2021\/09\/LOGO-COFRADIA-2.png?fit=300%2C164&amp;ssl=1\" class=\"attachment-medium size-medium\" alt=\"\" srcset=\"https:\/\/i2.wp.com\/cofradiasantorosario.org.gt\/wp-content\/uploads\/2021\/09\/LOGO-COFRADIA-2.png?w=495&amp;ssl=1 495w, https:\/\/i2.wp.com\/cofradiasantorosario.org.gt\/wp-content\/uploads\/2021\/09\/LOGO-COFRADIA-2.png?resize=300%2C164&amp;ssl=1 300w\" sizes=\"auto, (max-width: 300px) 100vw, 300px\" \/>\t\t\t\t\t\t\t\t\t\t\t\t\t\t\t<\/div>\n\t\t\t\t<\/div>\n\t\t\t\t\t<\/div>\n\t\t<\/div>\n\t\t\t\t\t\t\t<\/div>\n\t\t<\/section>\n\t\t\t\t<section class=\"elementor-section elementor-top-section elementor-element elementor-element-55ad573 elementor-section-boxed elementor-section-height-default elementor-section-height-default\" data-id=\"55ad573\" data-element_type=\"section\">\n\t\t\t\t\t\t<div class=\"elementor-container elementor-column-gap-default\">\n\t\t\t\t\t<div class=\"elementor-column elementor-col-100 elementor-top-column elementor-element elementor-element-6f84873a\" data-id=\"6f84873a\" data-element_type=\"column\">\n\t\t\t<div class=\"elementor-widget-wrap elementor-element-populated\">\n\t\t\t\t\t\t\t\t<div class=\"elementor-element elementor-element-26268502 elementor-widget elementor-widget-text-editor\" data-id=\"26268502\" data-element_type=\"widget\" data-widget_type=\"text-editor.default\">\n\t\t\t\t<div class=\"elementor-widget-container\">\n\t\t\t\t\t\t\t<!-- wp:heading -->\n<h3>Primera lectura<\/h3>\n<p>\u00a0<\/p>\n<!-- \/wp:heading --><!-- wp:heading {\"level\":3} -->\n<h4>Lectura del libro del profeta Joel 4,12-21<\/h4>\n<!-- \/wp:heading --><!-- wp:paragraph -->\n<p>Esto dice el Se\u00f1or: \u00abQue se movilicen y suban las naciones<br \/>al valle de Josafat,<br \/>pues all\u00e1 voy a plantar mi trono<br \/>para juzgar a todos los pueblos de alrededor.<br \/>Echad la hoz,<br \/>pues la mies est\u00e1 madura;<br \/>venid a pisar la uva,<br \/>que el lagar est\u00e1 repleto<br \/>y las cubas rebosan.<br \/>\u00a1Tan enorme es su maldad!<br \/>\u00a1Muchedumbres, muchedumbres<br \/>en el valle de Josafat!<br \/>Pues se acerca el D\u00eda del Se\u00f1or<br \/>en el valle de la Decisi\u00f3n.<br \/>Se oscurecer\u00e1n el sol y la luna,<br \/>y las estrellas perder\u00e1n su brillo.<br \/>El Se\u00f1or ruge en Sion<br \/>y da voces en Jerusal\u00e9n;<br \/>temblar\u00e1n cielos y tierra.<br \/>Pero el Se\u00f1or es abrigo para su pueblo,<br \/>refugio para los hijos de Israel.<br \/>Sabr\u00e9is que yo soy el Se\u00f1or,<br \/>vuestro Dios que vive en Sion,<br \/>mi santo monte.<br \/>Jerusal\u00e9n ser\u00e1 santa<br \/>y los extranjeros no pasar\u00e1n m\u00e1s por ella.<br \/>Aquel d\u00eda<br \/>las monta\u00f1as chorrear\u00e1n vino nuevo,<br \/>las colinas rezumar\u00e1n leche<br \/>y todos los torrentes de Jud\u00e1<br \/>bajar\u00e1n rebosantes.<br \/>Y brotar\u00e1 una fuente de la casa del Se\u00f1or<br \/>que regar\u00e1 el valle de Sit\u00edn.<br \/>Egipto ser\u00e1 una desolaci\u00f3n<br \/>y Ed\u00f3n un desierto solitario,<br \/>por la violencia ejercida contra Jud\u00e1,<br \/>cuya sangre inocente derramaron en su pa\u00eds.<br \/>Jud\u00e1 ser\u00e1 habitada para siempre<br \/>y Jerusal\u00e9n de generaci\u00f3n en generaci\u00f3n.<br \/>Vengar\u00e9 su sangre, no quedar\u00e1 impune.<br \/>El Se\u00f1or vive en Sion\u00bb.<\/p>\n<!-- \/wp:paragraph --><!-- wp:heading -->\n<h3>Salmo<\/h3>\n<!-- \/wp:heading --><!-- wp:heading {\"level\":3} -->\n<h4>Sal 96 R\/. Alegraos, justos, con el Se\u00f1or<\/h4>\n<!-- \/wp:heading --><!-- wp:paragraph -->\n<p>El Se\u00f1or reina, la tierra goza,<br \/>alegran las islas innumerables.<br \/>Tiniebla y nube lo rodean,<br \/>justicia y derecho sostienen su trono. R\/.<\/p>\n<!-- \/wp:paragraph --><!-- wp:paragraph -->\n<p>Los montes se derriten como cera<br \/>ante el due\u00f1o de toda la tierra;<br \/>los cielos pregonan su justicia,<br \/>y todos los pueblos contemplan su gloria. R\/.<\/p>\n<!-- \/wp:paragraph --><!-- wp:paragraph -->\n<p>Amanece la luz para el justo,<br \/>y la alegr\u00eda para los rectos de coraz\u00f3n.<br \/>Alegraos, justos, con el Se\u00f1or,<br \/>celebrad su santo nombre. R\/.<\/p>\n<p>\u00a0<\/p>\n<!-- \/wp:paragraph --><!-- wp:heading -->\n<h3>Evangelio del d\u00eda<\/h3>\n<!-- \/wp:heading --><!-- wp:heading {\"level\":3} -->\n<h4>Lectura del santo Evangelio seg\u00fan san Lucas 11,27-28<\/h4>\n<!-- \/wp:heading --><!-- wp:paragraph -->\n<p>En aquel tiempo, mientras Jes\u00fas hablaba a la gente, una mujer de entre el gent\u00edo, levantando la voz, le dijo:<br \/>\u00abBienaventurado el vientre que te llev\u00f3 y los pechos que te criaron\u00bb.<\/p>\n<!-- \/wp:paragraph --><!-- wp:paragraph -->\n<p>Pero \u00e9l dijo:<br \/>\u00abMejor, bienaventurados los que escuchan la palabra de Dios y la cumplen\u00bb.<\/p>\n<!-- \/wp:paragraph --><!-- wp:heading -->\n<h3>Reflexi\u00f3n del Evangelio de hoy<\/h3>\n<p>\u00a0<\/p>\n<!-- \/wp:heading --><!-- wp:heading {\"level\":3} -->\n<h4>Con Dios, nada perdido, todo ganado<\/h4>\n<!-- \/wp:heading --><!-- wp:paragraph -->\n<p><em>\u00abEl Se\u00f1or es DIOS\u00bb<\/em>\u00a0es el significado de\u00a0<strong>Joel<\/strong>,\u00a0profeta po\u00e9tico\u00a0donde los haya, con esa capacidad para entender los acontecimientos a la luz de la Historia de la Salvaci\u00f3n que Dios hace con su pueblo.<\/p>\n<!-- \/wp:paragraph --><!-- wp:paragraph -->\n<p>\u00abTemblar\u00e1n cielos y tierra. Pero el Se\u00f1or es abrigo para su pueblo, refugio para los hijos de Israel\u00bb<em>(v.16).<\/em><\/p>\n<!-- \/wp:paragraph --><!-- wp:paragraph -->\n<p>Palabras de profundo calado para el coraz\u00f3n del ser humano que inyectan en vena\u00a0<strong>esperanza<\/strong>\u00a0para el\u00a0<strong>aqu\u00ed y<\/strong> <strong>ahora<\/strong>. Con Dios, nada perdido y TODO ganado para quien pone en \u00c9l su confianza.<\/p>\n<!-- \/wp:paragraph --><!-- wp:paragraph -->\n<p>Todo aquello que nos esclaviza, domina, somete\u2026, acabar\u00e1 siendo carne de la carne del opresor, cuyo representante arquet\u00edpico por excelencia es Egipto con su fara\u00f3n a la cabeza.<\/p>\n<!-- \/wp:paragraph --><!-- wp:paragraph -->\n<p>Lo afirmado anteriormente lo rubrica el profeta con dos im\u00e1genes sugerentes, tanto en su continente como en su contenido:<\/p>\n<!-- \/wp:paragraph --><!-- wp:paragraph -->\n<p><em>\u00abLos montes chorrear\u00e1n vino nuevo\u00bb.<\/em><\/p>\n<!-- \/wp:paragraph --><!-- wp:paragraph -->\n<p><em>\u00abLas colinas rezumar\u00e1n leche\u00bb.<\/em><\/p>\n<!-- \/wp:paragraph --><!-- wp:paragraph -->\n<p>Ambas alegor\u00edas apuntan a esa otra imagen del Trito-Isa\u00edas: \u00ab<em>V<\/em><em>enid y comprad, sin dinero y de balde, vino y leche<\/em>\u00bb (Is. 55,1).<\/p>\n<!-- \/wp:paragraph --><!-- wp:paragraph -->\n<p>Sin lugar a equ\u00edvoco,\u00a0clave de b\u00f3veda\u00a0el complemento\u00a0<strong>de balde<\/strong>. Dios lo da sus amigos\u2026, a ti, a m\u00ed, a todo aquel que pone en \u00c9l su seguridad, como se le\u00eda en aquel grafiti encontrado en un barrac\u00f3n de un campo de exterminio nazi, donde un an\u00f3nimo jud\u00edo hab\u00eda escrito:\u00a0<strong>Seguir\u00e9 confiando en ti aunque me destruyas<\/strong>.<\/p>\n<!-- \/wp:paragraph --><!-- wp:paragraph -->\n<p>Frente a lo enunciado por el profeta Joel, el Salmo Responsorial nos pone sobre la pista de que no cabe otra actitud que la de la\u00a0<strong>alegr\u00eda<\/strong>, porque en lo m\u00e1s profundo de nosotros, se experimenta, se reconoce\u00a0<em>\u00abal Se\u00f1or de toda la tierra\u00bb<\/em>(v.5).<\/p>\n<!-- \/wp:paragraph --><!-- wp:paragraph -->\n<p>Con todo, las m\u00e1s de las veces caemos en la trampa de creer que los poderes f\u00e1cticos y quienes los se\u00f1orean son los que marcan los destinos de los pueblos. \u00a1Nada m\u00e1s falso! Es una obviedad que a lo largo de la Historia han hecho y siguen haciendo da\u00f1o, pero, acabar\u00e1n bajando a la fosa: \u00ab<em>Es tan caro el rescate de la vida, que nunca les bastar\u00e1<\/em><em>\u00a0para vivir perpetuamente sin bajar a la fosa\u00bb<\/em>(Sal 48, 9-10).<\/p>\n<!-- \/wp:paragraph --><!-- wp:heading {\"level\":3} -->\n<h4>\u00a1Viva la madre que te pari\u00f3!<\/h4>\n<!-- \/wp:heading --><!-- wp:paragraph -->\n<p>Requiebro\u00a0 espa\u00f1ol que subraya el gracejo, belleza, buen hacer, buen decir de la persona a quien se le dice.<\/p>\n<!-- \/wp:paragraph --><!-- wp:paragraph -->\n<p>La galanter\u00eda lucana en boca de una mujer an\u00f3nima viene a significar lo mismo:\u00a0<em>\u00abBienaventurado el vientre que te llev\u00f3 y los pechos que te criaron\u00bb<\/em>(v. 27).<\/p>\n<!-- \/wp:paragraph --><!-- wp:paragraph -->\n<p>Jes\u00fas no la desdice, sino que permuta la bienaventuranza en plural y la eleva a un plano superior a trav\u00e9s del adjetivo\u00a0<strong>mejor<\/strong>,\u00a0<em>\u00ablos que escuchan la Palabra de Dios y la cumplen\u00bb<\/em>(v. 28).<\/p>\n<!-- \/wp:paragraph --><!-- wp:paragraph -->\n<p><strong>Contemplaci\u00f3n<\/strong>y\u00a0<strong>acci\u00f3n<\/strong>: Maridaje perfecto en clave cristiana. Se reclaman mutuamente. De ir por libre, la ecuaci\u00f3n no se resuelve.<\/p>\n<!-- \/wp:paragraph --><!-- wp:paragraph -->\n<p>Palabra\u00a0escuchada, no o\u00edda, matizando en ello\u00a0la atenci\u00f3n a la mismay como respuesta la\u00a0<strong>obediencia<\/strong>a \u00e9sta. Fue el programa de vida de Mar\u00eda, la madre de Jes\u00fas, el Cristo; y debiera ser el tuyo, el m\u00edo, el de todo el linaje humano.<\/p>\n<!-- \/wp:paragraph --><!-- wp:paragraph -->\n<p><em>\u00abBienaventurada la que ha cre\u00eddo, porque lo que le ha dicho el Se\u00f1or se cumplir\u00e1\u00bb<\/em>\u00a0(Lc. 1,45) fue el elogio que Mar\u00eda escuch\u00f3 por boca de Isabel en su visita a \u00e9sta.<\/p>\n<!-- \/wp:paragraph --><!-- wp:list -->\n<ul>\n<li><strong>Esperanza<\/strong>Aqu\u00ed y Ahora<\/li>\n<li><strong>Alegr\u00eda<\/strong>porque\u00a0<strong>Dios es Dios<\/strong><\/li>\n<li><strong>Regalados por la Palabra<\/strong>\u2026\u00a0fidelidad\u00a0a la misma.<\/li>\n<\/ul>\n<!-- \/wp:list --><!-- wp:paragraph -->\n<p>Este es el men\u00fa. &#8211; \u00bfHincamos la vida?<\/p>\n<!-- \/wp:paragraph -->\t\t\t\t\t\t<\/div>\n\t\t\t\t<\/div>\n\t\t\t\t\t<\/div>\n\t\t<\/div>\n\t\t\t\t\t\t\t<\/div>\n\t\t<\/section>\n\t\t\t\t\t\t<\/div>\n\t\t\t\t\t<\/div>\n\t\t","protected":false},"excerpt":{"rendered":"<p>Primera lectura \u00a0 Lectura del libro del profeta Joel 4,12-21 Esto dice el Se\u00f1or: \u00abQue se movilicen y suban las nacionesal valle de Josafat,pues all\u00e1 voy a plantar mi tronopara [&hellip;]<\/p>\n","protected":false},"author":2,"featured_media":0,"comment_status":"closed","ping_status":"closed","sticky":false,"template":"elementor_canvas","format":"standard","meta":{"om_disable_all_campaigns":false,"_monsterinsights_skip_tracking":false,"_monsterinsights_sitenote_active":false,"_monsterinsights_sitenote_note":"","_monsterinsights_sitenote_category":0,"site-sidebar-layout":"default","site-content-layout":"default","ast-site-content-layout":"","site-content-style":"default","site-sidebar-style":"default","ast-global-header-display":"","ast-banner-title-visibility":"","ast-main-header-display":"","ast-hfb-above-header-display":"","ast-hfb-below-header-display":"","ast-hfb-mobile-header-display":"","site-post-title":"","ast-breadcrumbs-content":"","ast-featured-img":"","footer-sml-layout":"","theme-transparent-header-meta":"default","adv-header-id-meta":"","stick-header-meta":"","header-above-stick-meta":"","header-main-stick-meta":"","header-below-stick-meta":"","astra-migrate-meta-layouts":"default","ast-page-background-enabled":"default","ast-page-background-meta":{"desktop":{"background-color":"","background-image":"","background-repeat":"repeat","background-position":"center center","background-size":"auto","background-attachment":"scroll","background-type":"","background-media":"","overlay-type":"","overlay-color":"","overlay-opacity":"","overlay-gradient":""},"tablet":{"background-color":"","background-image":"","background-repeat":"repeat","background-position":"center center","background-size":"auto","background-attachment":"scroll","background-type":"","background-media":"","overlay-type":"","overlay-color":"","overlay-opacity":"","overlay-gradient":""},"mobile":{"background-color":"","background-image":"","background-repeat":"repeat","background-position":"center center","background-size":"auto","background-attachment":"scroll","background-type":"","background-media":"","overlay-type":"","overlay-color":"","overlay-opacity":"","overlay-gradient":""}},"ast-content-background-meta":{"desktop":{"background-color":"var(--ast-global-color-5)","background-image":"","background-repeat":"repeat","background-position":"center center","background-size":"auto","background-attachment":"scroll","background-type":"","background-media":"","overlay-type":"","overlay-color":"","overlay-opacity":"","overlay-gradient":""},"tablet":{"background-color":"var(--ast-global-color-5)","background-image":"","background-repeat":"repeat","background-position":"center center","background-size":"auto","background-attachment":"scroll","background-type":"","background-media":"","overlay-type":"","overlay-color":"","overlay-opacity":"","overlay-gradient":""},"mobile":{"background-color":"var(--ast-global-color-5)","background-image":"","background-repeat":"repeat","background-position":"center center","background-size":"auto","background-attachment":"scroll","background-type":"","background-media":"","overlay-type":"","overlay-color":"","overlay-opacity":"","overlay-gradient":""}},"spay_email":"","footnotes":""},"categories":[1],"tags":[],"class_list":["post-1481","post","type-post","status-publish","format-standard","hentry","category-uncategorized"],"jetpack_featured_media_url":"","jetpack-related-posts":[{"id":1526,"url":"https:\/\/cofradiasantorosario.org.gt\/index.php\/2021\/09\/22\/1526\/","url_meta":{"origin":1481,"position":0},"title":"Primera lectura Lectura de la\u2026","date":"septiembre 22, 2021","format":false,"excerpt":"Primera lectura Lectura de la carta del ap\u00f3stol san Pablo a los Romanos (3,21-30a) Ahora, la justicia de Dios, atestiguada por la Ley y los profetas, se ha manifestado independientemente de la Ley. Por la fe en Jesucristo viene la justicia de Dios a todos los que creen, sin distinci\u00f3n\u2026","rel":"","context":"Similar post","img":{"alt_text":"","src":"","width":0,"height":0},"classes":[]},{"id":1571,"url":"https:\/\/cofradiasantorosario.org.gt\/index.php\/2021\/09\/23\/1571\/","url_meta":{"origin":1481,"position":1},"title":"Primera lectura Lectura de la\u2026","date":"septiembre 23, 2021","format":false,"excerpt":"Primera lectura Lectura de la carta del ap\u00f3stol san Pablo a los Romanos 8, 1-11. Ahora no pesa condena alguna sobre los que est\u00e1n unidos a Cristo Jes\u00fas, pues, por la uni\u00f3n con Cristo Jes\u00fas, la ley del Esp\u00edritu de vida me ha librado de la ley del pecado y\u2026","rel":"","context":"Similar post","img":{"alt_text":"","src":"","width":0,"height":0},"classes":[]},{"id":1216,"url":"https:\/\/cofradiasantorosario.org.gt\/index.php\/2021\/09\/20\/1216\/","url_meta":{"origin":1481,"position":2},"title":"Primera lectura Lectura del libro\u2026","date":"septiembre 20, 2021","format":false,"excerpt":"Primera lectura Lectura del libro de Baruc 1,15-22: Confesamos que el Se\u00f1or nuestro Dios es justo. Nosotros, en cambio, sentimos en este d\u00eda la verg\u00fcenza de la culpa. Nosotros, hombres de Jud\u00e1, vecinos de Jerusal\u00e9n, nuestros reyes y gobernantes, nuestros sacerdotes y profetas, lo mismo que nuestros antepasados, hemos pecado\u2026","rel":"","context":"In &quot;Religiosidad&quot;","img":{"alt_text":"","src":"","width":0,"height":0},"classes":[]},{"id":1555,"url":"https:\/\/cofradiasantorosario.org.gt\/index.php\/2021\/09\/23\/1555\/","url_meta":{"origin":1481,"position":3},"title":"Primera lectura Lectura de la\u2026","date":"septiembre 23, 2021","format":false,"excerpt":"Primera lectura Lectura de la segunda carta del ap\u00f3stol san Pablo a Timoteo 4, 10-17b Dimas me ha dejado, enamorado de este mundo presente, y se ha marchado a Tesal\u00f3nica; Crescente se ha ido a Galacia; Tito, a Dalmacia; s\u00f3lo Lucas est\u00e1 conmigo. Coge a Marcos y tr\u00e1etelo contigo, ayuda\u2026","rel":"","context":"Similar post","img":{"alt_text":"","src":"","width":0,"height":0},"classes":[]},{"id":1400,"url":"https:\/\/cofradiasantorosario.org.gt\/index.php\/2021\/09\/21\/1400\/","url_meta":{"origin":1481,"position":4},"title":"Primera lectura Lectura del Libro\u2026","date":"septiembre 21, 2021","format":false,"excerpt":"Primera lectura Lectura del Libro del G\u00e9nesis 2, 18-24 El Se\u00f1or Dios se dijo:\u00abNo es bueno que el hombre est\u00e9 solo; voy a hacerle a alguien como \u00e9l, que le ayude\u00bb. Entonces el Se\u00f1or Dios model\u00f3 de la tierra todas las bestias del campo y todos los p\u00e1jaros del cielo,\u2026","rel":"","context":"Similar post","img":{"alt_text":"","src":"","width":0,"height":0},"classes":[]},{"id":1611,"url":"https:\/\/cofradiasantorosario.org.gt\/index.php\/2021\/09\/23\/1611\/","url_meta":{"origin":1481,"position":5},"title":"Primera lectura Lectura de la\u2026","date":"septiembre 23, 2021","format":false,"excerpt":"Primera lectura Lectura de la carta del ap\u00f3stol san Pablo a los Romanos 9,1-5 \u201cDigo la verdad en Cristo; mi conciencia, iluminada por el Esp\u00edritu Santo, me asegura que no miento. Siento una gran pena y un dolor incesante en mi coraz\u00f3n, pues por el bien de mis hermanos, los\u2026","rel":"","context":"Similar post","img":{"alt_text":"","src":"","width":0,"height":0},"classes":[]}],"_links":{"self":[{"href":"https:\/\/cofradiasantorosario.org.gt\/index.php\/wp-json\/wp\/v2\/posts\/1481","targetHints":{"allow":["GET"]}}],"collection":[{"href":"https:\/\/cofradiasantorosario.org.gt\/index.php\/wp-json\/wp\/v2\/posts"}],"about":[{"href":"https:\/\/cofradiasantorosario.org.gt\/index.php\/wp-json\/wp\/v2\/types\/post"}],"author":[{"embeddable":true,"href":"https:\/\/cofradiasantorosario.org.gt\/index.php\/wp-json\/wp\/v2\/users\/2"}],"replies":[{"embeddable":true,"href":"https:\/\/cofradiasantorosario.org.gt\/index.php\/wp-json\/wp\/v2\/comments?post=1481"}],"version-history":[{"count":4,"href":"https:\/\/cofradiasantorosario.org.gt\/index.php\/wp-json\/wp\/v2\/posts\/1481\/revisions"}],"predecessor-version":[{"id":1489,"href":"https:\/\/cofradiasantorosario.org.gt\/index.php\/wp-json\/wp\/v2\/posts\/1481\/revisions\/1489"}],"wp:attachment":[{"href":"https:\/\/cofradiasantorosario.org.gt\/index.php\/wp-json\/wp\/v2\/media?parent=1481"}],"wp:term":[{"taxonomy":"category","embeddable":true,"href":"https:\/\/cofradiasantorosario.org.gt\/index.php\/wp-json\/wp\/v2\/categories?post=1481"},{"taxonomy":"post_tag","embeddable":true,"href":"https:\/\/cofradiasantorosario.org.gt\/index.php\/wp-json\/wp\/v2\/tags?post=1481"}],"curies":[{"name":"wp","href":"https:\/\/api.w.org\/{rel}","templated":true}]}}