{"id":1470,"date":"2021-09-21T20:04:39","date_gmt":"2021-09-22T02:04:39","guid":{"rendered":"https:\/\/cofradiasantorosario.org.gt\/?p=1470"},"modified":"2021-09-21T20:12:09","modified_gmt":"2021-09-22T02:12:09","slug":"1470","status":"publish","type":"post","link":"https:\/\/cofradiasantorosario.org.gt\/index.php\/2021\/09\/21\/1470\/","title":{"rendered":""},"content":{"rendered":"\t\t<div data-elementor-type=\"wp-post\" data-elementor-id=\"1470\" class=\"elementor elementor-1470\" data-elementor-settings=\"[]\">\n\t\t\t\t\t\t\t<div class=\"elementor-section-wrap\">\n\t\t\t\t\t\t\t<section class=\"elementor-section elementor-top-section elementor-element elementor-element-416db16 elementor-section-boxed elementor-section-height-default elementor-section-height-default\" data-id=\"416db16\" data-element_type=\"section\">\n\t\t\t\t\t\t<div class=\"elementor-container elementor-column-gap-default\">\n\t\t\t\t\t<div class=\"elementor-column elementor-col-100 elementor-top-column elementor-element elementor-element-a59e871\" data-id=\"a59e871\" data-element_type=\"column\">\n\t\t\t<div class=\"elementor-widget-wrap elementor-element-populated\">\n\t\t\t\t\t\t\t\t<div class=\"elementor-element elementor-element-6b96171 elementor-widget elementor-widget-image\" data-id=\"6b96171\" data-element_type=\"widget\" data-widget_type=\"image.default\">\n\t\t\t\t<div class=\"elementor-widget-container\">\n\t\t\t\t\t\t\t\t\t\t\t\t\t\t\t<img loading=\"lazy\" decoding=\"async\" width=\"300\" height=\"164\" src=\"https:\/\/i2.wp.com\/cofradiasantorosario.org.gt\/wp-content\/uploads\/2021\/09\/LOGO-COFRADIA-2.png?fit=300%2C164&amp;ssl=1\" class=\"attachment-medium size-medium\" alt=\"\" srcset=\"https:\/\/i2.wp.com\/cofradiasantorosario.org.gt\/wp-content\/uploads\/2021\/09\/LOGO-COFRADIA-2.png?w=495&amp;ssl=1 495w, https:\/\/i2.wp.com\/cofradiasantorosario.org.gt\/wp-content\/uploads\/2021\/09\/LOGO-COFRADIA-2.png?resize=300%2C164&amp;ssl=1 300w\" sizes=\"auto, (max-width: 300px) 100vw, 300px\" \/>\t\t\t\t\t\t\t\t\t\t\t\t\t\t\t<\/div>\n\t\t\t\t<\/div>\n\t\t\t\t\t<\/div>\n\t\t<\/div>\n\t\t\t\t\t\t\t<\/div>\n\t\t<\/section>\n\t\t\t\t<section class=\"elementor-section elementor-top-section elementor-element elementor-element-521b007c elementor-section-boxed elementor-section-height-default elementor-section-height-default\" data-id=\"521b007c\" data-element_type=\"section\">\n\t\t\t\t\t\t<div class=\"elementor-container elementor-column-gap-default\">\n\t\t\t\t\t<div class=\"elementor-column elementor-col-100 elementor-top-column elementor-element elementor-element-42e80351\" data-id=\"42e80351\" data-element_type=\"column\">\n\t\t\t<div class=\"elementor-widget-wrap elementor-element-populated\">\n\t\t\t\t\t\t\t\t<div class=\"elementor-element elementor-element-726ee5a6 elementor-widget elementor-widget-text-editor\" data-id=\"726ee5a6\" data-element_type=\"widget\" data-widget_type=\"text-editor.default\">\n\t\t\t\t<div class=\"elementor-widget-container\">\n\t\t\t\t\t\t\t<!-- wp:heading -->\n<h4>Primera lectura<\/h4>\n<p>\u00a0<\/p>\n<h4><!-- \/wp:heading --><!-- wp:heading {\"level\":3} --><\/h4>\n<h4>Lectura de la profec\u00eda de Joel 1,13-15; 2,1-2<\/h4>\n<!-- \/wp:heading --><!-- wp:paragraph -->\n<p>Vest\u00edos de luto, haced duelo, sacerdotes, gritad, servidores del altar.<\/p>\n<!-- \/wp:paragraph --><!-- wp:paragraph -->\n<p>Venid y pasad la noche en sacos, servidores de Dios,<br \/>pues no hay en el templo de vuestro Dios. ofrenda y libaci\u00f3n.<\/p>\n<!-- \/wp:paragraph --><!-- wp:paragraph -->\n<p>Proclamad un ayuno santo, convocad la asamblea, reunid a los jefes, a todos los habitantes del pa\u00eds<br \/>en la casa de vuestro Dios y llamad a gritos al Se\u00f1or.<\/p>\n<!-- \/wp:paragraph --><!-- wp:paragraph -->\n<p>\u00a1Ay del d\u00eda! Se acerca el D\u00eda del Se\u00f1or, llega como ruina arrolladora.<\/p>\n<!-- \/wp:paragraph --><!-- wp:paragraph -->\n<p>Tocad la trompeta en Sion, gritad en mi monte santo, se estremecen todos los habitantes del pa\u00eds, pues llega el D\u00eda del Se\u00f1or.<\/p>\n<!-- \/wp:paragraph --><!-- wp:paragraph -->\n<p>S\u00ed, se acerca, d\u00eda de oscuridad y negrura,<br \/>d\u00eda de niebla y oscuridad, como el alba, sobre los montes, avanza un gent\u00edo innumerable,<br \/>poderoso como nunca lo hubo ni lo habr\u00e1 tras \u00e9l por generaciones.<\/p>\n<p>\u00a0<\/p>\n<!-- \/wp:paragraph --><!-- wp:heading -->\n<h3>Salmo<\/h3>\n<!-- \/wp:heading --><!-- wp:heading {\"level\":3} -->\n<h4>Sal 9,2-3.6.16.8-9 R\/. El Se\u00f1or juzgar\u00e1 el orbe con justicia<\/h4>\n<!-- \/wp:heading --><!-- wp:paragraph -->\n<p>Te doy gracias, Se\u00f1or, de todo coraz\u00f3n,<br \/>proclamando todas tus maravillas;<br \/>me alegro y exulto contigo,<br \/>y toco en honor de tu nombre, oh Alt\u00edsimo. R\/.<\/p>\n<!-- \/wp:paragraph --><!-- wp:paragraph -->\n<p>Reprendiste a los pueblos, destruiste al imp\u00edo<br \/>y borraste para siempre su apellido.<br \/>Los pueblos se han hundido en la fosa que hicieron,<br \/>su pie qued\u00f3 prendido en la red que escondieron. R\/.<\/p>\n<!-- \/wp:paragraph --><!-- wp:paragraph -->\n<p>Dios est\u00e1 sentado por siempre<br \/>en el trono que ha colocado para juzgar.<br \/>El juzgar\u00e1 el orbe con justicia<br \/>y regir\u00e1 las naciones con rectitud. R\/.<\/p>\n<p>\u00a0<\/p>\n<!-- \/wp:paragraph --><!-- wp:heading -->\n<h3>Evangelio del d\u00eda<\/h3>\n<!-- \/wp:heading --><!-- wp:heading {\"level\":3} -->\n<h4>Lectura del santo evangelio seg\u00fan san Lucas 11,15-26<\/h4>\n<!-- \/wp:heading --><!-- wp:paragraph -->\n<p>En aquel tiempo, habiendo expulsado Jes\u00fas a un demonio, algunos de entre la multitud dijeron:<br \/>\u00abPor arte de Belzeb\u00fa, el pr\u00edncipe de los demonios, echa los demonios\u00bb.<\/p>\n<!-- \/wp:paragraph --><!-- wp:paragraph -->\n<p>Otros, para ponerlo a prueba, le ped\u00edan un signo del cielo. \u00c9l, conociendo sus pensamientos, les dijo:<br \/>\u00abTodo reino dividido contra s\u00ed mismo va a la ruina y cae casa sobre casa. Si, pues, tambi\u00e9n Satan\u00e1s se ha dividido contra s\u00ed mismo, \u00bfC\u00f3mo se mantendr\u00e1 su reino? Pues vosotros dec\u00eds que yo echo los demonios con el poder de Belzeb\u00fa. Pero, si yo echo los demonios con el poder de Belzeb\u00fa, vuestros hijos, \u00bfpor arte de qui\u00e9n los echan? Por eso, ellos mismos ser\u00e1n vuestros jueces. Pero, si yo echo los demonios con el dedo de Dios, entonces es que el reino de Dios ha llegado a vosotros.<br \/>Cuando un hombre fuerte y bien armado guarda su palacio, sus bienes est\u00e1n seguros, pero, cuando otro m\u00e1s fuerte lo asalta y lo vence, le quita las armas de que se fiaba y reparte su bot\u00edn.<br \/>El que no est\u00e1 conmigo est\u00e1 contra m\u00ed; el que no recoge conmigo desparrama.<\/p>\n<!-- \/wp:paragraph --><!-- wp:paragraph -->\n<p>Cuando el esp\u00edritu inmundo sale de un hombre, da vueltas por Jugares \u00e1ridos, buscando un sitio para descansar, y, al no encontrarlo, dice:<br \/>\u201cVolver\u00e9 a mi casa de donde sal\u00ed\u201d.<\/p>\n<!-- \/wp:paragraph --><!-- wp:paragraph -->\n<p>Al volver se la encuentra barrida y arreglada. Entonces va y toma otros siete esp\u00edritus peores que \u00e9l, y se mete a vivir all\u00ed. Y el final de aquel hombre resulta peor que el principio\u00bb.<\/p>\n<p>\u00a0<\/p>\n<!-- \/wp:paragraph --><!-- wp:heading -->\n<h3>Reflexi\u00f3n del Evangelio de hoy<\/h3>\n<!-- \/wp:heading --><!-- wp:heading {\"level\":3} -->\n<h4>Est\u00e1 cerca el d\u00eda del Se\u00f1or<\/h4>\n<!-- \/wp:heading --><!-- wp:paragraph -->\n<p>El pueblo ha sufrido una gran cat\u00e1strofe, Una plaga de langostas ha destruido las cosechas. El profeta Joel interpreta este hecho como castigo de Dios por la dejadez del pueblo en lo que quer\u00eda ser la reconstrucci\u00f3n moral, despu\u00e9s de la vuelta del destierro. Hab\u00edan descuidado la vida de fe: \u201cfalta en el templo del Se\u00f1or ofrenda y libaci\u00f3n, Por eso el profeta Joel invita a que los sacerdotes convoquen a una jornada de penitencia.<\/p>\n<!-- \/wp:paragraph --><!-- wp:paragraph -->\n<p>Y comienza la llamada a la penitencia con los cl\u00e1sicos ritos penitenciales: duelo, ayuno y oraci\u00f3n. El profeta quiere que todos clamen a Dios pidiendo su ayuda, no vaya a ser el d\u00eda del juicio peor todav\u00eda que la calamidad reci\u00e9n sufrida. El d\u00eda del Se\u00f1or que era esperado en otros tiempos como d\u00eda de consolaci\u00f3n se torna en d\u00eda de desolaci\u00f3n. El \u201cd\u00eda del Se\u00f1or\u201d no ser\u00e1 un d\u00eda glorioso y lleno de luz, sino un d\u00eda terrible y devastador de juicio y castigo ante el que nadie podr\u00e1 resistir.<\/p>\n<!-- \/wp:paragraph --><!-- wp:paragraph -->\n<p>Somos nosotros los que hoy o\u00edmos esta invitaci\u00f3n a la conversi\u00f3n, a volver a Dios. Unos m\u00e1s otros menos, todos somos d\u00e9biles y pecadores, y necesitamos convertirnos. Todos podemos convertirnos a Dios desde nuestras mediocridades y perezas. No hace falta que seamos grandes\u00a0 criminales, La escucha de la Palabra que nos dirige Dios en la Eucarist\u00eda deber\u00eda ayudarnos a recapacitar y reorientar nuestra atenci\u00f3n a los valores fundamentales, que a veces descuidamos.<\/p>\n<!-- \/wp:paragraph --><!-- wp:heading {\"level\":3} -->\n<h4>El Reino es la liberaci\u00f3n del hombre<\/h4>\n<!-- \/wp:heading --><!-- wp:paragraph -->\n<p>Jes\u00fas acaba de expulsar a un demonio. Ante este hecho hay tres reacciones: la de coraz\u00f3n limpio; que reconoce la acci\u00f3n de Dios por medio de Jes\u00fas y \u201cse qued\u00f3 admirada; a los que no les convencen del todo: quieren \u201cuna se\u00f1al apocal\u00edptica, aniquiladora de los enemigos de Israel; por \u00faltimo los que admiten lo evidente, la eficacia de sus exorcismos, pero afirman que \u201cecha los demonios con el poder del jefe de los demonios\u201d para confundir a la gente.<\/p>\n<!-- \/wp:paragraph --><!-- wp:paragraph -->\n<p>Este relato recoge el momento m\u00e1s duro de la pol\u00e9mica de Jes\u00fas con la autoridad religiosa de su pueblo. El af\u00e1n de desprestigiar a Jes\u00fas les lleva al extremo de acusarle de expulsar los malos esp\u00edritus por pura magia. No se dan cuenta de que no tiene sentido acusar a Satan\u00e1s, haci\u00e9ndose la guerra. Por otra parte olvidan que los disc\u00edpulos, que hacen lo mismo que Jes\u00fas, son personas que pertenecen al pueblo y no tiene sentido acusarles de magos.<\/p>\n<!-- \/wp:paragraph --><!-- wp:paragraph -->\n<p>Jes\u00fas rebate con toda l\u00f3gica: \u201c\u00bfSatan\u00e1s va a combatir contra Satan\u00e1s? Yo echo los demonios con el dedo de Dios. El que no est\u00e1 conmigo, est\u00e1 contra m\u00ed\u201d. El confirma: \u201cTodo lo puedo en aqu\u00e9l me conforta\u201d. Con la fe y disponibilidad ante el Esp\u00edritu, \u201cdonde haya odio haremos brotar el amor; donde haya tristeza, la alegr\u00eda; donde haya guerra, la paz\u201d.<\/p>\n<!-- \/wp:paragraph -->\t\t\t\t\t\t<\/div>\n\t\t\t\t<\/div>\n\t\t\t\t\t<\/div>\n\t\t<\/div>\n\t\t\t\t\t\t\t<\/div>\n\t\t<\/section>\n\t\t\t\t\t\t<\/div>\n\t\t\t\t\t<\/div>\n\t\t","protected":false},"excerpt":{"rendered":"<p>Primera lectura \u00a0 Lectura de la profec\u00eda de Joel 1,13-15; 2,1-2 Vest\u00edos de luto, haced duelo, sacerdotes, gritad, servidores del altar. Venid y pasad la noche en sacos, servidores de [&hellip;]<\/p>\n","protected":false},"author":2,"featured_media":0,"comment_status":"closed","ping_status":"closed","sticky":false,"template":"elementor_canvas","format":"standard","meta":{"om_disable_all_campaigns":false,"_monsterinsights_skip_tracking":false,"_monsterinsights_sitenote_active":false,"_monsterinsights_sitenote_note":"","_monsterinsights_sitenote_category":0,"site-sidebar-layout":"default","site-content-layout":"default","ast-site-content-layout":"","site-content-style":"default","site-sidebar-style":"default","ast-global-header-display":"","ast-banner-title-visibility":"","ast-main-header-display":"","ast-hfb-above-header-display":"","ast-hfb-below-header-display":"","ast-hfb-mobile-header-display":"","site-post-title":"","ast-breadcrumbs-content":"","ast-featured-img":"","footer-sml-layout":"","theme-transparent-header-meta":"default","adv-header-id-meta":"","stick-header-meta":"","header-above-stick-meta":"","header-main-stick-meta":"","header-below-stick-meta":"","astra-migrate-meta-layouts":"default","ast-page-background-enabled":"default","ast-page-background-meta":{"desktop":{"background-color":"","background-image":"","background-repeat":"repeat","background-position":"center center","background-size":"auto","background-attachment":"scroll","background-type":"","background-media":"","overlay-type":"","overlay-color":"","overlay-opacity":"","overlay-gradient":""},"tablet":{"background-color":"","background-image":"","background-repeat":"repeat","background-position":"center center","background-size":"auto","background-attachment":"scroll","background-type":"","background-media":"","overlay-type":"","overlay-color":"","overlay-opacity":"","overlay-gradient":""},"mobile":{"background-color":"","background-image":"","background-repeat":"repeat","background-position":"center center","background-size":"auto","background-attachment":"scroll","background-type":"","background-media":"","overlay-type":"","overlay-color":"","overlay-opacity":"","overlay-gradient":""}},"ast-content-background-meta":{"desktop":{"background-color":"var(--ast-global-color-5)","background-image":"","background-repeat":"repeat","background-position":"center center","background-size":"auto","background-attachment":"scroll","background-type":"","background-media":"","overlay-type":"","overlay-color":"","overlay-opacity":"","overlay-gradient":""},"tablet":{"background-color":"var(--ast-global-color-5)","background-image":"","background-repeat":"repeat","background-position":"center center","background-size":"auto","background-attachment":"scroll","background-type":"","background-media":"","overlay-type":"","overlay-color":"","overlay-opacity":"","overlay-gradient":""},"mobile":{"background-color":"var(--ast-global-color-5)","background-image":"","background-repeat":"repeat","background-position":"center center","background-size":"auto","background-attachment":"scroll","background-type":"","background-media":"","overlay-type":"","overlay-color":"","overlay-opacity":"","overlay-gradient":""}},"spay_email":"","footnotes":""},"categories":[1],"tags":[],"class_list":["post-1470","post","type-post","status-publish","format-standard","hentry","category-uncategorized"],"jetpack_featured_media_url":"","jetpack-related-posts":[{"id":1602,"url":"https:\/\/cofradiasantorosario.org.gt\/index.php\/2021\/09\/23\/1602\/","url_meta":{"origin":1470,"position":0},"title":"Primera lectura Lectura de la\u2026","date":"septiembre 23, 2021","format":false,"excerpt":"Primera lectura Lectura de la carta del ap\u00f3stol san Pablo a los Romanos 8,12-17 Estamos en deuda, pero no con la carne para vivir carnalmente. Pues si viv\u00eds seg\u00fan la carne, vais a la muerte; pero si con el Esp\u00edritu dais muerte a las obras del cuerpo, vivir\u00e9is. Los que\u2026","rel":"","context":"Similar post","img":{"alt_text":"","src":"","width":0,"height":0},"classes":[]},{"id":1553,"url":"https:\/\/cofradiasantorosario.org.gt\/index.php\/2021\/09\/23\/1553\/","url_meta":{"origin":1470,"position":1},"title":"Primera lectura Lectura del Profeta\u2026","date":"septiembre 23, 2021","format":false,"excerpt":"Primera lectura Lectura del Profeta Isa\u00edas 53, 10-11 El Se\u00f1or quiso triturarlo con el sufrimiento.Cuando entregue su vida como expiaci\u00f3n, ver\u00e1 su descendencia, prolongar\u00e1 sus a\u00f1os; lo que el Se\u00f1or quiere prosperar\u00e1 por sus manos.A causa de los trabajos de su alma, ver\u00e1 y se hartar\u00e1, con lo aprendido mi\u2026","rel":"","context":"Similar post","img":{"alt_text":"","src":"","width":0,"height":0},"classes":[]},{"id":1216,"url":"https:\/\/cofradiasantorosario.org.gt\/index.php\/2021\/09\/20\/1216\/","url_meta":{"origin":1470,"position":2},"title":"Primera lectura Lectura del libro\u2026","date":"septiembre 20, 2021","format":false,"excerpt":"Primera lectura Lectura del libro de Baruc 1,15-22: Confesamos que el Se\u00f1or nuestro Dios es justo. Nosotros, en cambio, sentimos en este d\u00eda la verg\u00fcenza de la culpa. Nosotros, hombres de Jud\u00e1, vecinos de Jerusal\u00e9n, nuestros reyes y gobernantes, nuestros sacerdotes y profetas, lo mismo que nuestros antepasados, hemos pecado\u2026","rel":"","context":"In &quot;Religiosidad&quot;","img":{"alt_text":"","src":"","width":0,"height":0},"classes":[]},{"id":1400,"url":"https:\/\/cofradiasantorosario.org.gt\/index.php\/2021\/09\/21\/1400\/","url_meta":{"origin":1470,"position":3},"title":"Primera lectura Lectura del Libro\u2026","date":"septiembre 21, 2021","format":false,"excerpt":"Primera lectura Lectura del Libro del G\u00e9nesis 2, 18-24 El Se\u00f1or Dios se dijo:\u00abNo es bueno que el hombre est\u00e9 solo; voy a hacerle a alguien como \u00e9l, que le ayude\u00bb. Entonces el Se\u00f1or Dios model\u00f3 de la tierra todas las bestias del campo y todos los p\u00e1jaros del cielo,\u2026","rel":"","context":"Similar post","img":{"alt_text":"","src":"","width":0,"height":0},"classes":[]},{"id":1615,"url":"https:\/\/cofradiasantorosario.org.gt\/index.php\/2021\/09\/23\/1615\/","url_meta":{"origin":1470,"position":4},"title":"Primera lectura Lectura del Libro\u2026","date":"septiembre 23, 2021","format":false,"excerpt":"Primera lectura Lectura del Libro del Deuteronomio 6, 2-6 Habl\u00f3 Mois\u00e9s al pueblo y le dijo:\u2013Teme al Se\u00f1or tu Dios, guardando todos los mandatos y preceptos que te manda, t\u00fa, tus hijos y tus nietos, mientras viv\u00e1is; as\u00ed prolongar\u00e1s tu vida. Esc\u00fachalo, Israel, y ponlo por obra para que te\u2026","rel":"","context":"Similar post","img":{"alt_text":"","src":"","width":0,"height":0},"classes":[]},{"id":1607,"url":"https:\/\/cofradiasantorosario.org.gt\/index.php\/2021\/09\/23\/1607\/","url_meta":{"origin":1470,"position":5},"title":"Primera lectura Lectura de la\u2026","date":"septiembre 23, 2021","format":false,"excerpt":"Primera lectura Lectura de la carta del ap\u00f3stol san Pablo a los Romanos 8,26-30: El Esp\u00edritu viene en ayuda de nuestra debilidad, porque nosotros no sabemos pedir lo que nos conviene, pero el Esp\u00edritu mismo intercede por nosotros con gemidos inefables. Y el que escudri\u00f1a los corazones sabe cu\u00e1l es\u2026","rel":"","context":"Similar post","img":{"alt_text":"","src":"","width":0,"height":0},"classes":[]}],"_links":{"self":[{"href":"https:\/\/cofradiasantorosario.org.gt\/index.php\/wp-json\/wp\/v2\/posts\/1470","targetHints":{"allow":["GET"]}}],"collection":[{"href":"https:\/\/cofradiasantorosario.org.gt\/index.php\/wp-json\/wp\/v2\/posts"}],"about":[{"href":"https:\/\/cofradiasantorosario.org.gt\/index.php\/wp-json\/wp\/v2\/types\/post"}],"author":[{"embeddable":true,"href":"https:\/\/cofradiasantorosario.org.gt\/index.php\/wp-json\/wp\/v2\/users\/2"}],"replies":[{"embeddable":true,"href":"https:\/\/cofradiasantorosario.org.gt\/index.php\/wp-json\/wp\/v2\/comments?post=1470"}],"version-history":[{"count":4,"href":"https:\/\/cofradiasantorosario.org.gt\/index.php\/wp-json\/wp\/v2\/posts\/1470\/revisions"}],"predecessor-version":[{"id":1477,"href":"https:\/\/cofradiasantorosario.org.gt\/index.php\/wp-json\/wp\/v2\/posts\/1470\/revisions\/1477"}],"wp:attachment":[{"href":"https:\/\/cofradiasantorosario.org.gt\/index.php\/wp-json\/wp\/v2\/media?parent=1470"}],"wp:term":[{"taxonomy":"category","embeddable":true,"href":"https:\/\/cofradiasantorosario.org.gt\/index.php\/wp-json\/wp\/v2\/categories?post=1470"},{"taxonomy":"post_tag","embeddable":true,"href":"https:\/\/cofradiasantorosario.org.gt\/index.php\/wp-json\/wp\/v2\/tags?post=1470"}],"curies":[{"name":"wp","href":"https:\/\/api.w.org\/{rel}","templated":true}]}}