{"id":1460,"date":"2021-09-21T19:12:18","date_gmt":"2021-09-22T01:12:18","guid":{"rendered":"https:\/\/cofradiasantorosario.org.gt\/?p=1460"},"modified":"2021-09-21T19:24:33","modified_gmt":"2021-09-22T01:24:33","slug":"1460","status":"publish","type":"post","link":"https:\/\/cofradiasantorosario.org.gt\/index.php\/2021\/09\/21\/1460\/","title":{"rendered":""},"content":{"rendered":"\t\t<div data-elementor-type=\"wp-post\" data-elementor-id=\"1460\" class=\"elementor elementor-1460\" data-elementor-settings=\"[]\">\n\t\t\t\t\t\t\t<div class=\"elementor-section-wrap\">\n\t\t\t\t\t\t\t<section class=\"elementor-section elementor-top-section elementor-element elementor-element-fbe5a22 elementor-section-boxed elementor-section-height-default elementor-section-height-default\" data-id=\"fbe5a22\" data-element_type=\"section\">\n\t\t\t\t\t\t<div class=\"elementor-container elementor-column-gap-default\">\n\t\t\t\t\t<div class=\"elementor-column elementor-col-100 elementor-top-column elementor-element elementor-element-e045877\" data-id=\"e045877\" data-element_type=\"column\">\n\t\t\t<div class=\"elementor-widget-wrap elementor-element-populated\">\n\t\t\t\t\t\t\t\t<div class=\"elementor-element elementor-element-1c74b40 elementor-widget elementor-widget-image\" data-id=\"1c74b40\" data-element_type=\"widget\" data-widget_type=\"image.default\">\n\t\t\t\t<div class=\"elementor-widget-container\">\n\t\t\t\t\t\t\t\t\t\t\t\t\t\t\t<img loading=\"lazy\" decoding=\"async\" width=\"300\" height=\"164\" src=\"https:\/\/i2.wp.com\/cofradiasantorosario.org.gt\/wp-content\/uploads\/2021\/09\/LOGO-COFRADIA-2.png?fit=300%2C164&amp;ssl=1\" class=\"attachment-medium size-medium\" alt=\"\" srcset=\"https:\/\/i2.wp.com\/cofradiasantorosario.org.gt\/wp-content\/uploads\/2021\/09\/LOGO-COFRADIA-2.png?w=495&amp;ssl=1 495w, https:\/\/i2.wp.com\/cofradiasantorosario.org.gt\/wp-content\/uploads\/2021\/09\/LOGO-COFRADIA-2.png?resize=300%2C164&amp;ssl=1 300w\" sizes=\"auto, (max-width: 300px) 100vw, 300px\" \/>\t\t\t\t\t\t\t\t\t\t\t\t\t\t\t<\/div>\n\t\t\t\t<\/div>\n\t\t\t\t\t<\/div>\n\t\t<\/div>\n\t\t\t\t\t\t\t<\/div>\n\t\t<\/section>\n\t\t\t\t<section class=\"elementor-section elementor-top-section elementor-element elementor-element-72c5a6a elementor-section-boxed elementor-section-height-default elementor-section-height-default\" data-id=\"72c5a6a\" data-element_type=\"section\">\n\t\t\t\t\t\t<div class=\"elementor-container elementor-column-gap-default\">\n\t\t\t\t\t<div class=\"elementor-column elementor-col-100 elementor-top-column elementor-element elementor-element-2d642075\" data-id=\"2d642075\" data-element_type=\"column\">\n\t\t\t<div class=\"elementor-widget-wrap elementor-element-populated\">\n\t\t\t\t\t\t\t\t<div class=\"elementor-element elementor-element-43943a45 elementor-widget elementor-widget-text-editor\" data-id=\"43943a45\" data-element_type=\"widget\" data-widget_type=\"text-editor.default\">\n\t\t\t\t<div class=\"elementor-widget-container\">\n\t\t\t\t\t\t\t<!-- wp:heading -->\n<h3>Primera lectura<\/h3>\n<!-- \/wp:heading --><!-- wp:heading {\"level\":3} -->\n<h4>Lectura de la profec\u00eda de Zacar\u00edas 2, 14-17<\/h4>\n<p>\u00a0<\/p>\n<!-- \/wp:heading --><!-- wp:paragraph -->\n<p>Al\u00e9grate y goza, Sion, pues voy a habitar en medio de ti \u2014or\u00e1culo del Se\u00f1or\u2014. Aquel d\u00eda se asociar\u00e1n al Se\u00f1or pueblos sin n\u00famero; ellos ser\u00e1n mi pueblo, y habitar\u00e9 en medio de ti, Entonces reconocer\u00e1s que el Se\u00f1or del universo me ha enviado a ti. Jud\u00e1 ser\u00e1 la herencia del Se\u00f1or, su lote en la tierra santa, y volver\u00e1 a elegir a Jerusal\u00e9n. \u00a1Silencio todo el mundo ante el Se\u00f1or que se levanta de su morada santa!<\/p>\n<p>\u00a0<\/p>\n<!-- \/wp:paragraph --><!-- wp:heading -->\n<h3>Salmo<\/h3>\n<!-- \/wp:heading --><!-- wp:heading {\"level\":3} -->\n<h4>Sal Lc 1, 46b-47. 48-49. 50-51. 52-53. 54-55 R\/. El Poderoso ha hecho obras grandes en m\u00ed: su nombre es santo.<\/h4>\n<p>\u00a0<\/p>\n<!-- \/wp:heading --><!-- wp:paragraph -->\n<p>Proclama mi alma la grandeza del Se\u00f1or,<br \/>se alegra mi esp\u00edritu en Dios, mi salvador. R\/.<\/p>\n<!-- \/wp:paragraph --><!-- wp:paragraph -->\n<p>Porque ha mirado la humillaci\u00f3n de su esclava.<br \/>Desde ahora me felicitaran todas las generaciones,<br \/>porque el Poderoso ha hecho obras grandes en m\u00ed:<br \/>su nombre es santo. R\/.<\/p>\n<!-- \/wp:paragraph --><!-- wp:paragraph -->\n<p>Y su misericordia llega a sus fieles<br \/>de generaci\u00f3n en generaci\u00f3n.<br \/>\u00c9l hace proezas con su brazo:<br \/>dispersa a los soberbios de coraz\u00f3n. R\/.<\/p>\n<!-- \/wp:paragraph --><!-- wp:paragraph -->\n<p>Derriba del trono a los poderosos<br \/>y enaltece a los humildes,<br \/>a los hambrientos los colma de bienes<br \/>y a los ricos los despide vac\u00edos. R\/.<\/p>\n<!-- \/wp:paragraph --><!-- wp:paragraph -->\n<p>Auxilia a Israel, su siervo, acord\u00e1ndose de la misericordia<br \/>\u2013como lo hab\u00eda prometido a nuestros padres\u2013<br \/>en favor de Abrah\u00e1n y su descendencia por siempre. R\/.<\/p>\n<p>\u00a0<\/p>\n<!-- \/wp:paragraph --><!-- wp:heading -->\n<h3>Evangelio del d\u00eda<\/h3>\n<!-- \/wp:heading --><!-- wp:heading {\"level\":3} -->\n<h4>Lectura del Santo Evangelio seg\u00fan san Lucas 1, 26-38<\/h4>\n<!-- \/wp:heading --><!-- wp:paragraph -->\n<p>En aquel tiempo, el \u00e1ngel Gabriel fue enviado por Dios a una ciudad de Galilea llamada Nazaret, a una virgen desposada con un hombre llamado Jos\u00e9, de la casa de David; el nombre de la virgen era Mar\u00eda.<br \/>El \u00e1ngel, entrando en su presencia, dijo:<br \/>\u00abAl\u00e9grate, llena de gracia, el Se\u00f1or est\u00e1 contigo\u00bb.<br \/>Ella se turb\u00f3 grandemente ante estas palabras y se preguntaba qu\u00e9 saludo era aquel. El \u00e1ngel le dijo:<br \/>\u00abNo temas, Mar\u00eda, porque has encontrado gracia ante Dios. Concebir\u00e1s en tu vientre y dar\u00e1s a luz un hijo, y le pondr\u00e1s por nombre Jes\u00fas. Ser\u00e1 grande, se llamar\u00e1 Hijo del Alt\u00edsimo, el Se\u00f1or Dios le dar\u00e1 el trono de David, su padre; reinar\u00e1 sobre la casa de Jacob para siempre, y su reino no tendr\u00e1 fin\u00bb.<br \/>Y Mar\u00eda dijo al \u00e1ngel:<br \/>\u00ab\u00bfC\u00f3mo ser\u00e1 eso, pues no conozco var\u00f3n?\u00bb.<br \/>El \u00e1ngel le contest\u00f3:<br \/>\u00abEl Esp\u00edritu Santo vendr\u00e1 sobre ti, y la fuerza del Alt\u00edsimo te cubrir\u00e1 con su sombra; por eso el Santo que va a nacer ser\u00e1 llamado Hijo de Dios. Tambi\u00e9n tu pariente Isabel ha concebido un hijo en su vejez, y ya est\u00e1 de seis meses la que llamaban est\u00e9ril, &#8220;porque para Dios nada hay imposible&#8221;\u00bb.<br \/>Mar\u00eda contest\u00f3:<br \/>\u00abHe aqu\u00ed la esclava del Se\u00f1or; h\u00e1gase en m\u00ed seg\u00fan tu palabra\u00bb.<br \/>Y el \u00e1ngel se retir\u00f3.<\/p>\n<p>\u00a0<\/p>\n<!-- \/wp:paragraph --><!-- wp:heading -->\n<h3>Reflexi\u00f3n del Evangelio de hoy<\/h3>\n<!-- \/wp:heading --><!-- wp:heading {\"level\":3} -->\n<h4>He aqu\u00ed la esclava del Se\u00f1or, h\u00e1gase en m\u00ed seg\u00fan tu palabra<\/h4>\n<!-- \/wp:heading --><!-- wp:paragraph -->\n<p>Celebramos hoy la fiesta de la Virgen del Rosario, fiesta muy entra\u00f1able para nosotros los dominicos, porque tradicionalmente siempre se ha reconocido a Santo Domingo de Guzm\u00e1n como el fundador del rosario, y a sus frailes como los divulgadores de su rezo. Hist\u00f3ricamente \u00a0esta fiesta nace en recuerdo de la victoria de Lepanto el 7 de octubre de 1571, atribuida al rezo del rosario. En el rezo del rosario, desgranando las avemar\u00edas, se repasan los misterios sobresalientes de la vida Jes\u00fas, donde la Virgen Mar\u00eda tiene un papel muy importante.\u00a0<\/p>\n<!-- \/wp:paragraph --><!-- wp:paragraph -->\n<p>Mar\u00eda recibe la visita del \u00e1ngel Gabriel que le comunica su mensaje. Su espont\u00e1nea reacci\u00f3n ante este anuncio fue la del asombro: \u201cpero \u00bfC\u00f3mo puede ser esto?\u201d. C\u00f3mo no iba a asombrarse positivamente pues la propuesta de Dios romp\u00eda todos los moldes: ser, ni m\u00e1s ni menos, la madre del Hijo de Dios, ser la madre Dios. Era un privilegio muy especial. Y despu\u00e9s del primer susto se llen\u00f3 de asombro. Esta es la primera ense\u00f1anza que nos brinda Mar\u00eda a todos nosotros: la de asombrarnos ante todas las propuestas que Dios nos hace, a toda la humanidad y a cada uno de nosotros y exclamar como Mar\u00eda \u00bfC\u00f3mo podr\u00e1 ser esto\u2026?<\/p>\n<!-- \/wp:paragraph --><!-- wp:paragraph -->\n<p>C\u00f3mo no asombrarnos y alegrarnos de que:<\/p>\n<!-- \/wp:paragraph --><!-- wp:paragraph -->\n<p>. Dios nos haya regalado su vida divina y que le podamos llamar Padre, porque realmente lo es y sentirnos hermanos de todos los hombres.<\/p>\n<!-- \/wp:paragraph --><!-- wp:paragraph -->\n<p>. Jes\u00fas sea nuestro gran amigo. \u201cA vosotros os llamo amigos\u201d y que nos quiera tan entra\u00f1ablemente que nada ni nadie nos podr\u00e1 separar de su amor.<\/p>\n<!-- \/wp:paragraph --><!-- wp:paragraph -->\n<p>. nos regale despu\u00e9s de nuestra muerte la resurrecci\u00f3n a una vida de total felicidad y para siempre.<\/p>\n<!-- \/wp:paragraph --><!-- wp:paragraph -->\n<p>. nos regale a Mar\u00eda su madre tambi\u00e9n como madre nuestra:\u00a0<strong>\u201c<\/strong>He ah\u00ed a tu madre\u201d.<\/p>\n<!-- \/wp:paragraph --><!-- wp:paragraph -->\n<p>Pidamos a Mar\u00eda que nunca perdamos la capacidad de asombrarnos y de alegrarnos de todo lo que Dios y su Hijo han hecho y sigue haciendo con nosotros y que como ella siempre aceptemos la voluntad de Dios, una voluntad que busca nuestro bien: \u201cHe aqu\u00ed la esclava del Se\u00f1or. H\u00e1gase en m\u00ed seg\u00fan tu voluntad\u201d.<\/p>\n<!-- \/wp:paragraph -->\t\t\t\t\t\t<\/div>\n\t\t\t\t<\/div>\n\t\t\t\t\t<\/div>\n\t\t<\/div>\n\t\t\t\t\t\t\t<\/div>\n\t\t<\/section>\n\t\t\t\t\t\t<\/div>\n\t\t\t\t\t<\/div>\n\t\t","protected":false},"excerpt":{"rendered":"<p>Primera lectura Lectura de la profec\u00eda de Zacar\u00edas 2, 14-17 \u00a0 Al\u00e9grate y goza, Sion, pues voy a habitar en medio de ti \u2014or\u00e1culo del Se\u00f1or\u2014. Aquel d\u00eda se asociar\u00e1n [&hellip;]<\/p>\n","protected":false},"author":2,"featured_media":0,"comment_status":"closed","ping_status":"closed","sticky":false,"template":"elementor_canvas","format":"link","meta":{"om_disable_all_campaigns":false,"_monsterinsights_skip_tracking":false,"_monsterinsights_sitenote_active":false,"_monsterinsights_sitenote_note":"","_monsterinsights_sitenote_category":0,"site-sidebar-layout":"default","site-content-layout":"default","ast-site-content-layout":"","site-content-style":"default","site-sidebar-style":"default","ast-global-header-display":"","ast-banner-title-visibility":"","ast-main-header-display":"","ast-hfb-above-header-display":"","ast-hfb-below-header-display":"","ast-hfb-mobile-header-display":"","site-post-title":"","ast-breadcrumbs-content":"","ast-featured-img":"","footer-sml-layout":"","theme-transparent-header-meta":"default","adv-header-id-meta":"","stick-header-meta":"","header-above-stick-meta":"","header-main-stick-meta":"","header-below-stick-meta":"","astra-migrate-meta-layouts":"default","ast-page-background-enabled":"default","ast-page-background-meta":{"desktop":{"background-color":"","background-image":"","background-repeat":"repeat","background-position":"center center","background-size":"auto","background-attachment":"scroll","background-type":"","background-media":"","overlay-type":"","overlay-color":"","overlay-opacity":"","overlay-gradient":""},"tablet":{"background-color":"","background-image":"","background-repeat":"repeat","background-position":"center center","background-size":"auto","background-attachment":"scroll","background-type":"","background-media":"","overlay-type":"","overlay-color":"","overlay-opacity":"","overlay-gradient":""},"mobile":{"background-color":"","background-image":"","background-repeat":"repeat","background-position":"center center","background-size":"auto","background-attachment":"scroll","background-type":"","background-media":"","overlay-type":"","overlay-color":"","overlay-opacity":"","overlay-gradient":""}},"ast-content-background-meta":{"desktop":{"background-color":"var(--ast-global-color-5)","background-image":"","background-repeat":"repeat","background-position":"center center","background-size":"auto","background-attachment":"scroll","background-type":"","background-media":"","overlay-type":"","overlay-color":"","overlay-opacity":"","overlay-gradient":""},"tablet":{"background-color":"var(--ast-global-color-5)","background-image":"","background-repeat":"repeat","background-position":"center center","background-size":"auto","background-attachment":"scroll","background-type":"","background-media":"","overlay-type":"","overlay-color":"","overlay-opacity":"","overlay-gradient":""},"mobile":{"background-color":"var(--ast-global-color-5)","background-image":"","background-repeat":"repeat","background-position":"center center","background-size":"auto","background-attachment":"scroll","background-type":"","background-media":"","overlay-type":"","overlay-color":"","overlay-opacity":"","overlay-gradient":""}},"spay_email":"","footnotes":""},"categories":[1],"tags":[],"class_list":["post-1460","post","type-post","status-publish","format-link","hentry","category-uncategorized","post_format-post-format-link"],"jetpack_featured_media_url":"","jetpack-related-posts":[{"id":1528,"url":"https:\/\/cofradiasantorosario.org.gt\/index.php\/2021\/09\/22\/1528\/","url_meta":{"origin":1460,"position":0},"title":"Primera lectura Lectura del libro\u2026","date":"septiembre 22, 2021","format":false,"excerpt":"Primera lectura Lectura del libro del Eclesi\u00e1stico 15, 1-6 As\u00ed obra el que teme al Se\u00f1or, el que observa la ley alcanza la sabidur\u00eda.Ella le sale al encuentro como una madre y lo acoge como una joven esposa. Lo alimenta con pan de inteligencia y le da a beber agua\u2026","rel":"","context":"Similar post","img":{"alt_text":"","src":"","width":0,"height":0},"classes":[]},{"id":1216,"url":"https:\/\/cofradiasantorosario.org.gt\/index.php\/2021\/09\/20\/1216\/","url_meta":{"origin":1460,"position":1},"title":"Primera lectura Lectura del libro\u2026","date":"septiembre 20, 2021","format":false,"excerpt":"Primera lectura Lectura del libro de Baruc 1,15-22: Confesamos que el Se\u00f1or nuestro Dios es justo. Nosotros, en cambio, sentimos en este d\u00eda la verg\u00fcenza de la culpa. Nosotros, hombres de Jud\u00e1, vecinos de Jerusal\u00e9n, nuestros reyes y gobernantes, nuestros sacerdotes y profetas, lo mismo que nuestros antepasados, hemos pecado\u2026","rel":"","context":"In &quot;Religiosidad&quot;","img":{"alt_text":"","src":"","width":0,"height":0},"classes":[]},{"id":1521,"url":"https:\/\/cofradiasantorosario.org.gt\/index.php\/2021\/09\/22\/1521\/","url_meta":{"origin":1460,"position":2},"title":"Primera lectura Lectura del primer\u2026","date":"septiembre 22, 2021","format":false,"excerpt":"Primera lectura Lectura del primer libro de las Cr\u00f3nicas 15, 3-4. 15-16; 16, 1-2 En aquellos d\u00edas, David congreg\u00f3 en Jerusal\u00e9n a todo Israel para subir el Arca del Se\u00f1or al lugar que le hab\u00eda preparado. Reuni\u00f3 tambi\u00e9n a los hijos de Aar\u00f3n y a los levitas. Luego los levitas\u2026","rel":"","context":"Similar post","img":{"alt_text":"","src":"","width":0,"height":0},"classes":[]},{"id":1555,"url":"https:\/\/cofradiasantorosario.org.gt\/index.php\/2021\/09\/23\/1555\/","url_meta":{"origin":1460,"position":3},"title":"Primera lectura Lectura de la\u2026","date":"septiembre 23, 2021","format":false,"excerpt":"Primera lectura Lectura de la segunda carta del ap\u00f3stol san Pablo a Timoteo 4, 10-17b Dimas me ha dejado, enamorado de este mundo presente, y se ha marchado a Tesal\u00f3nica; Crescente se ha ido a Galacia; Tito, a Dalmacia; s\u00f3lo Lucas est\u00e1 conmigo. Coge a Marcos y tr\u00e1etelo contigo, ayuda\u2026","rel":"","context":"Similar post","img":{"alt_text":"","src":"","width":0,"height":0},"classes":[]},{"id":1600,"url":"https:\/\/cofradiasantorosario.org.gt\/index.php\/2021\/09\/23\/1600\/","url_meta":{"origin":1460,"position":4},"title":"Primera lectura Lectura del Profeta\u2026","date":"septiembre 23, 2021","format":false,"excerpt":"Primera lectura Lectura del Profeta Jerem\u00edas 31, 7-9 Esto dice el Se\u00f1or:Gritad de alegr\u00eda por Jacob, regocijaos por el mejor de los pueblos; proclamad, alabad y decid: el Se\u00f1or ha salvado a su pueblo, al resto de Israel.Mirad que yo os traer\u00e9 del pa\u00eds del Norte, os congregar\u00e9 de los\u2026","rel":"","context":"Similar post","img":{"alt_text":"","src":"","width":0,"height":0},"classes":[]},{"id":1613,"url":"https:\/\/cofradiasantorosario.org.gt\/index.php\/2021\/09\/23\/1613\/","url_meta":{"origin":1460,"position":5},"title":"Primera lectura Lectura de la\u2026","date":"septiembre 23, 2021","format":false,"excerpt":"Primera lectura Lectura de la carta del ap\u00f3stol san Pablo a los Romanos 11,1-2a.11-12.25-29 \u00bfHabr\u00e1 Dios desechado a su pueblo? De ning\u00fan modo. Tambi\u00e9n yo soy israelita, descendiente de Abrah\u00e1n, de la tribu de Benjam\u00edn. Dios no ha desechado al pueblo que \u00e9l eligi\u00f3. Pregunto ahora: \u00bfHan ca\u00eddo para no\u2026","rel":"","context":"Similar post","img":{"alt_text":"","src":"","width":0,"height":0},"classes":[]}],"_links":{"self":[{"href":"https:\/\/cofradiasantorosario.org.gt\/index.php\/wp-json\/wp\/v2\/posts\/1460","targetHints":{"allow":["GET"]}}],"collection":[{"href":"https:\/\/cofradiasantorosario.org.gt\/index.php\/wp-json\/wp\/v2\/posts"}],"about":[{"href":"https:\/\/cofradiasantorosario.org.gt\/index.php\/wp-json\/wp\/v2\/types\/post"}],"author":[{"embeddable":true,"href":"https:\/\/cofradiasantorosario.org.gt\/index.php\/wp-json\/wp\/v2\/users\/2"}],"replies":[{"embeddable":true,"href":"https:\/\/cofradiasantorosario.org.gt\/index.php\/wp-json\/wp\/v2\/comments?post=1460"}],"version-history":[{"count":5,"href":"https:\/\/cofradiasantorosario.org.gt\/index.php\/wp-json\/wp\/v2\/posts\/1460\/revisions"}],"predecessor-version":[{"id":1468,"href":"https:\/\/cofradiasantorosario.org.gt\/index.php\/wp-json\/wp\/v2\/posts\/1460\/revisions\/1468"}],"wp:attachment":[{"href":"https:\/\/cofradiasantorosario.org.gt\/index.php\/wp-json\/wp\/v2\/media?parent=1460"}],"wp:term":[{"taxonomy":"category","embeddable":true,"href":"https:\/\/cofradiasantorosario.org.gt\/index.php\/wp-json\/wp\/v2\/categories?post=1460"},{"taxonomy":"post_tag","embeddable":true,"href":"https:\/\/cofradiasantorosario.org.gt\/index.php\/wp-json\/wp\/v2\/tags?post=1460"}],"curies":[{"name":"wp","href":"https:\/\/api.w.org\/{rel}","templated":true}]}}