{"id":1445,"date":"2021-09-21T18:55:46","date_gmt":"2021-09-22T00:55:46","guid":{"rendered":"https:\/\/cofradiasantorosario.org.gt\/?p=1445"},"modified":"2021-09-21T19:03:47","modified_gmt":"2021-09-22T01:03:47","slug":"1445","status":"publish","type":"post","link":"https:\/\/cofradiasantorosario.org.gt\/index.php\/2021\/09\/21\/1445\/","title":{"rendered":""},"content":{"rendered":"\t\t<div data-elementor-type=\"wp-post\" data-elementor-id=\"1445\" class=\"elementor elementor-1445\" data-elementor-settings=\"[]\">\n\t\t\t\t\t\t\t<div class=\"elementor-section-wrap\">\n\t\t\t\t\t\t\t<section class=\"elementor-section elementor-top-section elementor-element elementor-element-989eb5a elementor-section-boxed elementor-section-height-default elementor-section-height-default\" data-id=\"989eb5a\" data-element_type=\"section\">\n\t\t\t\t\t\t<div class=\"elementor-container elementor-column-gap-default\">\n\t\t\t\t\t<div class=\"elementor-column elementor-col-100 elementor-top-column elementor-element elementor-element-5802445\" data-id=\"5802445\" data-element_type=\"column\">\n\t\t\t<div class=\"elementor-widget-wrap elementor-element-populated\">\n\t\t\t\t\t\t\t\t<div class=\"elementor-element elementor-element-141607a elementor-widget elementor-widget-image\" data-id=\"141607a\" data-element_type=\"widget\" data-widget_type=\"image.default\">\n\t\t\t\t<div class=\"elementor-widget-container\">\n\t\t\t\t\t\t\t\t\t\t\t\t\t\t\t<img loading=\"lazy\" decoding=\"async\" width=\"300\" height=\"164\" src=\"https:\/\/i2.wp.com\/cofradiasantorosario.org.gt\/wp-content\/uploads\/2021\/09\/LOGO-COFRADIA-2.png?fit=300%2C164&amp;ssl=1\" class=\"attachment-medium size-medium\" alt=\"\" srcset=\"https:\/\/i2.wp.com\/cofradiasantorosario.org.gt\/wp-content\/uploads\/2021\/09\/LOGO-COFRADIA-2.png?w=495&amp;ssl=1 495w, https:\/\/i2.wp.com\/cofradiasantorosario.org.gt\/wp-content\/uploads\/2021\/09\/LOGO-COFRADIA-2.png?resize=300%2C164&amp;ssl=1 300w\" sizes=\"auto, (max-width: 300px) 100vw, 300px\" \/>\t\t\t\t\t\t\t\t\t\t\t\t\t\t\t<\/div>\n\t\t\t\t<\/div>\n\t\t\t\t\t<\/div>\n\t\t<\/div>\n\t\t\t\t\t\t\t<\/div>\n\t\t<\/section>\n\t\t\t\t<section class=\"elementor-section elementor-top-section elementor-element elementor-element-6a3f8315 elementor-section-boxed elementor-section-height-default elementor-section-height-default\" data-id=\"6a3f8315\" data-element_type=\"section\">\n\t\t\t\t\t\t<div class=\"elementor-container elementor-column-gap-default\">\n\t\t\t\t\t<div class=\"elementor-column elementor-col-100 elementor-top-column elementor-element elementor-element-3f0fb5bb\" data-id=\"3f0fb5bb\" data-element_type=\"column\">\n\t\t\t<div class=\"elementor-widget-wrap elementor-element-populated\">\n\t\t\t\t\t\t\t\t<div class=\"elementor-element elementor-element-6480d738 elementor-widget elementor-widget-text-editor\" data-id=\"6480d738\" data-element_type=\"widget\" data-widget_type=\"text-editor.default\">\n\t\t\t\t<div class=\"elementor-widget-container\">\n\t\t\t\t\t\t\t<!-- wp:heading -->\n<h3>Primera lectura<\/h3>\n<p>\u00a0<\/p>\n<!-- \/wp:heading --><!-- wp:heading {\"level\":3} -->\n<h4>Lectura de la profec\u00eda de Jon\u00e1s 4,1-11<\/h4>\n<!-- \/wp:heading --><!-- wp:paragraph -->\n<p>Jon\u00e1s se disgust\u00f3 y se indign\u00f3 profundamente. Y rez\u00f3 al Se\u00f1or en estos t\u00e9rminos:<br \/>\u00ab\u00bfNo lo dec\u00eda yo, Se\u00f1or, cuando estaba en mi tierra? Por eso intent\u00e9 escapar a Tarsis, pues bien s\u00e9 que eres un Dios bondadoso, compasivo, paciente y misericordioso, que te arrepientes del mal. As\u00ed que, Se\u00f1or, toma mi vida, pues vale m\u00e1s morir que vivir\u00bb.<\/p>\n<!-- \/wp:paragraph --><!-- wp:paragraph -->\n<p>Dios le contest\u00f3:<br \/>\u00ab\u00bfPor qu\u00e9 tienes ese disgusto tan grande?\u00bb.<\/p>\n<!-- \/wp:paragraph --><!-- wp:paragraph -->\n<p>Sali\u00f3 Jon\u00e1s de la ciudad y se instal\u00f3 al oriente. Arm\u00f3 una choza y se qued\u00f3 all\u00ed, a su sombra, hasta ver qu\u00e9 pasaba con la ciudad. Dios hizo que una planta de ricino surgiera por encima de Jon\u00e1s, para dar sombra a su cabeza y librarlo de su disgusto. Jon\u00e1s se alegr\u00f3 y se anim\u00f3 mucho con el ricino.<br \/>Pero Dios hizo que, al d\u00eda siguiente, al rayar el alba, un gusano atacase al ricino, que se sec\u00f3.<br \/>Cuando sali\u00f3 el sol, hizo Dios que soplase un recio viento solano; el sol pegaba en la cabeza de Jon\u00e1s, que desfallec\u00eda y se deseaba la muerte:<br \/>\u00abM\u00e1s vale morir que vivir\u00bb, dec\u00eda.<\/p>\n<!-- \/wp:paragraph --><!-- wp:paragraph -->\n<p>Dios dijo entonces a Jon\u00e1s:<br \/>\u00ab\u00bfPor qu\u00e9 tienes ese disgusto tan grande por lo del ricino?\u00bb.<\/p>\n<!-- \/wp:paragraph --><!-- wp:paragraph -->\n<p>\u00c9l contest\u00f3:<br \/>\u00abLo tengo con toda raz\u00f3n. Y es un disgusto de muerte\u00bb.<\/p>\n<!-- \/wp:paragraph --><!-- wp:paragraph -->\n<p>Dios repuso:<br \/>\u00abT\u00fa te compadeces del ricino, que ni cuidaste ni ayudaste a crecer, que en una noche surgi\u00f3 y en otra desapareci\u00f3, \u00bfy no me he de compadecer yo de N\u00ednive, la gran ciudad, donde hay m\u00e1s de ciento veinte mil personas, que no distinguen la derecha de la izquierda, y much\u00edsimos animales?\u00bb.<\/p>\n<!-- \/wp:paragraph --><!-- wp:heading -->\n<h3>Salmo<\/h3>\n<!-- \/wp:heading --><!-- wp:heading {\"level\":3} -->\n<h4>Sal 85,3-4.5-6.9-10 R\/. T\u00fa, Se\u00f1or, eres lento a la c\u00f3lera y rico en piedad<\/h4>\n<!-- \/wp:heading --><!-- wp:paragraph -->\n<p>Piedad de m\u00ed, Se\u00f1or,<br \/>que a ti te estoy llamando todo el d\u00eda;<br \/>alegra el alma de tu siervo,<br \/>pues levanto mi alma hacia ti, Se\u00f1or. R\/.<\/p>\n<!-- \/wp:paragraph --><!-- wp:paragraph -->\n<p>Porque t\u00fa, Se\u00f1or, eres bueno y clemente,<br \/>rico en misericordia con los que te invocan.<br \/>Se\u00f1or, escucha mi oraci\u00f3n,<br \/>atiende a la voz de mi s\u00faplica. R\/.<\/p>\n<!-- \/wp:paragraph --><!-- wp:paragraph -->\n<p>Todos los pueblos vendr\u00e1n<br \/>a postrarse en tu presencia, Se\u00f1or;<br \/>bendecir\u00e1n tu nombre:<br \/>\u00abGrande eres t\u00fa, y haces maravillas;<br \/>t\u00fa eres el \u00fanico Dios\u00bb. R\/.<\/p>\n<!-- \/wp:paragraph --><!-- wp:heading -->\n<h3>Evangelio del d\u00eda<\/h3>\n<!-- \/wp:heading --><!-- wp:heading {\"level\":3} -->\n<h4>Lectura del santo evangelio seg\u00fan san Lucas 11,1-4<\/h4>\n<!-- \/wp:heading --><!-- wp:paragraph -->\n<p>Una vez que estaba Jes\u00fas orando en cierto lugar, cuando termin\u00f3, uno de sus disc\u00edpulos le dijo:<br \/>\u00abSe\u00f1or, ens\u00e9\u00f1anos a orar, como Juan ense\u00f1\u00f3 a sus disc\u00edpulos\u00bb.<\/p>\n<!-- \/wp:paragraph --><!-- wp:paragraph -->\n<p>\u00c9l les dijo:<br \/>\u00abCuando or\u00e9is, decid: \u201cPadre, santificado sea tu nombre, venga tu reino, danos cada d\u00eda nuestro pan cotidiano, perd\u00f3nanos nuestros pecados, porque tambi\u00e9n nosotros perdonamos a todo el que nos debe, y no nos dejes caer en tentaci\u00f3n\u201d\u00bb.<\/p>\n<!-- \/wp:paragraph --><!-- wp:heading -->\n<h3>Reflexi\u00f3n del Evangelio de hoy<\/h3>\n<p>\u00a0<\/p>\n<!-- \/wp:heading --><!-- wp:heading {\"level\":3} -->\n<h4>Jon\u00e1s se sinti\u00f3 contrariado, se enfad\u00f3 y se encar\u00f3 con el Se\u00f1or<\/h4>\n<!-- \/wp:heading --><!-- wp:paragraph -->\n<p>El brev\u00edsimo libro de Jon\u00e1s, -cuatro cap\u00edtulos-, nos cuentan los ex\u00e9getas, es un libro de ficci\u00f3n con una finalidad pedag\u00f3gico-did\u00e1ctica. Es como una par\u00e1bola que facilita la comprensi\u00f3n del mensaje que en \u00e9l se contiene.<\/p>\n<!-- \/wp:paragraph --><!-- wp:paragraph -->\n<p>\u00bfQu\u00e9 nos ense\u00f1a? Que la bondad y la misericordia de Dios son eternas y abarca a todos los hombres.<\/p>\n<!-- \/wp:paragraph --><!-- wp:paragraph -->\n<p>Sorprende, por eso, la reacci\u00f3n de Jon\u00e1s ante la bondad de Dios cuando no destruye la ciudad de N\u00ednive. Esta ciudad era la capital de Asiria, pueblo guerrero y cruel. Quiz\u00e1 sea lo que explica la reticencia de Jon\u00e1s a cumplir el mandato de Dios que lo enviaba a predicar la conversi\u00f3n de esa gran ciudad. Tras alguna peripecia, Jon\u00e1s se decide a cumplir lo que Dios le ha pedido y en vez de huir a Tarsis, como ten\u00eda previsto, accede a predicar la conversi\u00f3n. Curiosamente, al cumplir su misi\u00f3n, la poblaci\u00f3n de N\u00ednive se convierte,\u00a0<em>comenzando por el rey y sus ministros, llegando hasta los animales<\/em>. As\u00ed manifest\u00f3 la ciudad el impacto de la predicaci\u00f3n de Jon\u00e1s.<\/p>\n<!-- \/wp:paragraph --><!-- wp:paragraph -->\n<p>Ante ese gesto de conversi\u00f3n la respuesta Dios fue no cumplir el castigo con el que hab\u00eda amenazado a los ninivitas.<\/p>\n<!-- \/wp:paragraph --><!-- wp:paragraph -->\n<p>La constataci\u00f3n de esa bondad de Dios, preservando a esa ciudad de la destrucci\u00f3n, encuentra en Jon\u00e1s una extra\u00f1a reacci\u00f3n. No alaba al Se\u00f1or por su bondad y misericordia, al contrario,\u00a0<em>se sinti\u00f3 contrariado, se enfad\u00f3 y se encar\u00f3 con el Se\u00f1or.<\/em>\u00a0Las palabras que le dirige a Dios nos llenan de sorpresa. Jon\u00e1s se siente contrariado, al constatar c\u00f3mo es Dios:\u00a0<em>S\u00e9 que eres un Dios clemente, compasivo, paciente y misericordioso que te arrepientes del mal.<\/em><\/p>\n<!-- \/wp:paragraph --><!-- wp:paragraph -->\n<p>Como nos repetir\u00e1 Jes\u00fas en sus par\u00e1bolas, el Se\u00f1or obra siempre misericordiosamente, porque\u00a0<em>su misericordia es eterna<\/em>, como recalca insistentemente el salmo 135. Buena ocasi\u00f3n para orarlo.<\/p>\n<!-- \/wp:paragraph --><!-- wp:paragraph -->\n<p>Es lo que nos manifiestan las par\u00e1bolas de Jes\u00fas que nos muestran la bondad de un Padre que celebra el regreso de quien se ha perdido. Tambi\u00e9n all\u00ed las reacciones de algunos personajes repiten esa actitud contrariada de Jon\u00e1s, al comprobar tal bondad. Quiz\u00e1 son reacciones humanas que hay que limar si queremos seguir las huellas de Jes\u00fas.<\/p>\n<!-- \/wp:paragraph --><!-- wp:paragraph -->\n<p>Una visi\u00f3n chata de Dios quiere contraponer misericordia y justicia. Solo \u00c9l sabe conjugar ambos aspectos, aunque tengamos la sensaci\u00f3n, a veces, de que la misericordia prevalece por encima de todo, o bien la justicia est\u00e1 por encima de la misericordia. El salmo 116 nos recuerda que \u201c<em>El Se\u00f1or es justo y compasivo<\/em>\u201d. \u00a0<\/p>\n<!-- \/wp:paragraph --><!-- wp:paragraph -->\n<p>Merece la pena examinar nuestra actitud ante la misericordia del Se\u00f1or con todos los hombres, incluso con aquellos que podemos pensar no merecen ser receptores de esa bondad de Dios.<\/p>\n<!-- \/wp:paragraph --><!-- wp:paragraph -->\n<p>Buen d\u00eda para meditar este tema en este mundo nuestro, m\u00e1s necesitado que nunca de alabar y vivir la misericordia de Dios, esa que nosotros deber\u00edamos mostrar en las tensiones por las que atravesamos. Jes\u00fas nos lo recuerda, citando a Oseas (6, 6) en el evangelio de Mateo 9,2-13 y en 12,1-8:\u00a0<em>Misericordia quiero y no sacrificios<\/em>.<\/p>\n<!-- \/wp:paragraph --><!-- wp:heading {\"level\":3} -->\n<h4>Se\u00f1or, ens\u00e9\u00f1anos a orar<\/h4>\n<!-- \/wp:heading --><!-- wp:paragraph -->\n<p>La oraci\u00f3n es constante en la vida Jes\u00fas. Todos los evangelistas lo destacan. Al contemplar la importancia que \u00c9l daba a la oraci\u00f3n y el observar su pr\u00e1ctica al retirarse todas las noches a orar, suscita en sus disc\u00edpulos el deseo de encontrar una forma nueva de relacionarse con el Padre. Tal vez ah\u00ed manifiestan su incapacidad para hallar el modo de dirigirse a ese Dios, Padre acogedor, que requiere un nuevo estilo de acercarse a \u00c9l. Es la raz\u00f3n por la que un disc\u00edpulo pide \u201c<em>que les ense\u00f1e a orar como Juan ense\u00f1\u00f3 a sus disc\u00edpulos\u201d.<\/em><\/p>\n<!-- \/wp:paragraph --><!-- wp:paragraph -->\n<p>Es una petici\u00f3n sencilla la que le hace este disc\u00edpulo. Quiz\u00e1 en ello se encuentre una raz\u00f3n m\u00e1s profunda. Ellos han escuchado a Jes\u00fas hablar constantemente del Buen Padre Dios. Han ido comprendiendo un modo nuevo de entender a Dios y la relaci\u00f3n que hemos de mantener con \u00c9l. Las ense\u00f1anzas de Jes\u00fas los han situado ante un Dios muy distinto del concepto que ellos ten\u00edan. Acorde con su doctrina renovadora, les propone una oraci\u00f3n singular, donde se resumen sus ense\u00f1anzas. Por ello, viene a ser un resumen donde se compendian la novedad de un Dios Padre de todos al que podemos acudir con la confianza de hijos. \u00a0<\/p>\n<!-- \/wp:paragraph --><!-- wp:paragraph -->\n<p>Jes\u00fas, accedi\u00f3 a esa petici\u00f3n y, con la sencillez que tienen siempre sus palabras, les ense\u00f1\u00f3 un modo novedoso de dirigirse a Dios.<\/p>\n<!-- \/wp:paragraph --><!-- wp:heading {\"level\":3} -->\n<h4>Necesidades y valores<\/h4>\n<!-- \/wp:heading --><!-- wp:paragraph -->\n<p>Alguien ha dicho que el Padrenuestro, antes que una lista de necesidades, es una lista de valores. Es la escala de valores que vive Jes\u00fas y, por lo mismo, nos la ofrece como nuevo modo de vivir y de orar.<\/p>\n<!-- \/wp:paragraph --><!-- wp:paragraph -->\n<p>San Basilio nos ofrece un consejo para hacerlo bien:\u00a0<em>Siempre que ores no empieces desde luego pidiendo; porque entonces har\u00e1s aparecer tu afecto como culpable, acudiendo a Dios como obligado por la necesidad. As\u00ed, cuando empieces a orar, prescinde de toda criatura visible e invisible, y empieza por alabar a Aquel que ha creado todas las cosas. Por esto a\u00f1ade: &#8220;Y Jes\u00fas les respondi\u00f3: Cuando os pong\u00e1is a orar, hab\u00e9is de decir: Padre\u2026<\/em><\/p>\n<!-- \/wp:paragraph --><!-- wp:paragraph -->\n<p>Comienza por situarnos ante Alguien que, es Padre de todos, no solo m\u00edo. \u201cPor lo tanto, afirma el Papa Francisco, No, es el Padre m\u00edo, porque yo no soy hijo \u00fanico. Ninguno de nosotros lo es. Y si no puedo ser hermano, dif\u00edcilmente puedo llegar a ser hijo de este Padre, porque es un Padre, con certeza, m\u00edo, pero tambi\u00e9n de los dem\u00e1s, de mis hermanos\u201d<em>.<\/em><\/p>\n<!-- \/wp:paragraph --><!-- wp:paragraph -->\n<p>En esta oraci\u00f3n hallamos los elementos que han de caracterizar toda oraci\u00f3n aut\u00e9nticamente cristiana. En ella nos dirigimos a una persona concreta que es Padre; en ella, alabamos a Dios y expresamos nuestro anhelo de que llegue su Reino hasta nosotros; expresamos, tambi\u00e9n, nuestras necesidades, tanto espirituales como temporales; pedimos perd\u00f3n y ofrecemos el nuestro a quienes hayan podido ofendernos. Finalmente, pedimos su fuerza para que nos ayude, especialmente en los momentos de tentaci\u00f3n. Concluye con una petici\u00f3n general: que nos libre de todo mal.<\/p>\n<!-- \/wp:paragraph --><!-- wp:heading {\"level\":3} -->\n<h4>Stop<\/h4>\n<!-- \/wp:heading --><!-- wp:paragraph -->\n<p>Sin duda, el Padrenuestro es la oraci\u00f3n m\u00e1s hermosa y entra\u00f1able que tenemos los cristianos. El riesgo que corremos todos es dejarnos llevar por la inercia y permitir que las palabras rueden por nuestros labios sin ser conscientes de lo que rezamos. Es un riesgo muy pr\u00f3ximo a nuestras costumbres. Es la oraci\u00f3n que aprendimos de peque\u00f1os, unida, quiz\u00e1, a nuestra apertura a la trascendencia; la hemos repetido much\u00edsimas veces y, por ello, no es raro sorprendernos perdidos en la inercia. La oraci\u00f3n se desvirt\u00faa cuando solo es un murmullo vac\u00edo. Es el reto que tenemos.<\/p>\n<!-- \/wp:paragraph --><!-- wp:paragraph -->\n<p>Hoy podr\u00edamos orarlo con el esfuerzo de hacerlo muy conscientemente. Tampoco estar\u00eda mal recordar a quienes nos lo ense\u00f1aron y nos ayudaron a dar el primer paso en la oraci\u00f3n. Finalmente es un signo de agradecimiento el compromiso por transmitirlo a quienes sea posible, conscientes de que es un tesoro que acompa\u00f1ar\u00e1 a otros, como nos ha acompa\u00f1ado a nosotros, toda la vida.<\/p>\n<!-- \/wp:paragraph -->\t\t\t\t\t\t<\/div>\n\t\t\t\t<\/div>\n\t\t\t\t\t<\/div>\n\t\t<\/div>\n\t\t\t\t\t\t\t<\/div>\n\t\t<\/section>\n\t\t\t\t\t\t<\/div>\n\t\t\t\t\t<\/div>\n\t\t","protected":false},"excerpt":{"rendered":"<p>Primera lectura \u00a0 Lectura de la profec\u00eda de Jon\u00e1s 4,1-11 Jon\u00e1s se disgust\u00f3 y se indign\u00f3 profundamente. Y rez\u00f3 al Se\u00f1or en estos t\u00e9rminos:\u00ab\u00bfNo lo dec\u00eda yo, Se\u00f1or, cuando estaba [&hellip;]<\/p>\n","protected":false},"author":2,"featured_media":0,"comment_status":"closed","ping_status":"closed","sticky":false,"template":"elementor_canvas","format":"standard","meta":{"om_disable_all_campaigns":false,"_monsterinsights_skip_tracking":false,"_monsterinsights_sitenote_active":false,"_monsterinsights_sitenote_note":"","_monsterinsights_sitenote_category":0,"site-sidebar-layout":"default","site-content-layout":"default","ast-site-content-layout":"","site-content-style":"default","site-sidebar-style":"default","ast-global-header-display":"","ast-banner-title-visibility":"","ast-main-header-display":"","ast-hfb-above-header-display":"","ast-hfb-below-header-display":"","ast-hfb-mobile-header-display":"","site-post-title":"","ast-breadcrumbs-content":"","ast-featured-img":"","footer-sml-layout":"","theme-transparent-header-meta":"default","adv-header-id-meta":"","stick-header-meta":"","header-above-stick-meta":"","header-main-stick-meta":"","header-below-stick-meta":"","astra-migrate-meta-layouts":"default","ast-page-background-enabled":"default","ast-page-background-meta":{"desktop":{"background-color":"","background-image":"","background-repeat":"repeat","background-position":"center center","background-size":"auto","background-attachment":"scroll","background-type":"","background-media":"","overlay-type":"","overlay-color":"","overlay-opacity":"","overlay-gradient":""},"tablet":{"background-color":"","background-image":"","background-repeat":"repeat","background-position":"center center","background-size":"auto","background-attachment":"scroll","background-type":"","background-media":"","overlay-type":"","overlay-color":"","overlay-opacity":"","overlay-gradient":""},"mobile":{"background-color":"","background-image":"","background-repeat":"repeat","background-position":"center center","background-size":"auto","background-attachment":"scroll","background-type":"","background-media":"","overlay-type":"","overlay-color":"","overlay-opacity":"","overlay-gradient":""}},"ast-content-background-meta":{"desktop":{"background-color":"var(--ast-global-color-5)","background-image":"","background-repeat":"repeat","background-position":"center center","background-size":"auto","background-attachment":"scroll","background-type":"","background-media":"","overlay-type":"","overlay-color":"","overlay-opacity":"","overlay-gradient":""},"tablet":{"background-color":"var(--ast-global-color-5)","background-image":"","background-repeat":"repeat","background-position":"center center","background-size":"auto","background-attachment":"scroll","background-type":"","background-media":"","overlay-type":"","overlay-color":"","overlay-opacity":"","overlay-gradient":""},"mobile":{"background-color":"var(--ast-global-color-5)","background-image":"","background-repeat":"repeat","background-position":"center center","background-size":"auto","background-attachment":"scroll","background-type":"","background-media":"","overlay-type":"","overlay-color":"","overlay-opacity":"","overlay-gradient":""}},"spay_email":"","footnotes":""},"categories":[1],"tags":[],"class_list":["post-1445","post","type-post","status-publish","format-standard","hentry","category-uncategorized"],"jetpack_featured_media_url":"","jetpack-related-posts":[{"id":1415,"url":"https:\/\/cofradiasantorosario.org.gt\/index.php\/2021\/09\/21\/1415\/","url_meta":{"origin":1445,"position":0},"title":"Primera lectura Comienzo de la\u2026","date":"septiembre 21, 2021","format":false,"excerpt":"Primera lectura Comienzo de la profec\u00eda de Jon\u00e1s 1,1\u20132,1.11: EL Se\u00f1or dirigi\u00f3 su palabra a Jon\u00e1s, hijo de Amitai, en estos t\u00e9rminos:\u00abPonte en marcha, ve a N\u00ednive, la gran ciudad, y ll\u00e9vale este mensaje contra ella, pues me he enterado de sus cr\u00edmenes\u00bb. Jon\u00e1s se puso en marcha para huir\u2026","rel":"","context":"Similar post","img":{"alt_text":"","src":"https:\/\/i0.wp.com\/cofradiasantorosario.org.gt\/wp-content\/uploads\/2021\/09\/LOGO-COFRADIA-1.png?resize=350%2C200&ssl=1","width":350,"height":200},"classes":[]},{"id":1513,"url":"https:\/\/cofradiasantorosario.org.gt\/index.php\/2021\/09\/22\/1513\/","url_meta":{"origin":1445,"position":1},"title":"Primera lectura Comienzo de la\u2026","date":"septiembre 22, 2021","format":false,"excerpt":"Primera lectura Comienzo de la carta del ap\u00f3stol san Pablo a los Romanos (1,1-7) Pablo, sirvo de Cristo Jes\u00fas, llamado a ser ap\u00f3stol, escogido para anunciar el Evangelio de Dios. Este Evangelio, prometido ya por sus profetas en las Escrituras santas, se refiere a su Hijo, nacido, seg\u00fan la carne,\u2026","rel":"","context":"Similar post","img":{"alt_text":"","src":"","width":0,"height":0},"classes":[]},{"id":1216,"url":"https:\/\/cofradiasantorosario.org.gt\/index.php\/2021\/09\/20\/1216\/","url_meta":{"origin":1445,"position":2},"title":"Primera lectura Lectura del libro\u2026","date":"septiembre 20, 2021","format":false,"excerpt":"Primera lectura Lectura del libro de Baruc 1,15-22: Confesamos que el Se\u00f1or nuestro Dios es justo. Nosotros, en cambio, sentimos en este d\u00eda la verg\u00fcenza de la culpa. Nosotros, hombres de Jud\u00e1, vecinos de Jerusal\u00e9n, nuestros reyes y gobernantes, nuestros sacerdotes y profetas, lo mismo que nuestros antepasados, hemos pecado\u2026","rel":"","context":"In &quot;Religiosidad&quot;","img":{"alt_text":"","src":"","width":0,"height":0},"classes":[]},{"id":1526,"url":"https:\/\/cofradiasantorosario.org.gt\/index.php\/2021\/09\/22\/1526\/","url_meta":{"origin":1445,"position":3},"title":"Primera lectura Lectura de la\u2026","date":"septiembre 22, 2021","format":false,"excerpt":"Primera lectura Lectura de la carta del ap\u00f3stol san Pablo a los Romanos (3,21-30a) Ahora, la justicia de Dios, atestiguada por la Ley y los profetas, se ha manifestado independientemente de la Ley. Por la fe en Jesucristo viene la justicia de Dios a todos los que creen, sin distinci\u00f3n\u2026","rel":"","context":"Similar post","img":{"alt_text":"","src":"","width":0,"height":0},"classes":[]},{"id":1571,"url":"https:\/\/cofradiasantorosario.org.gt\/index.php\/2021\/09\/23\/1571\/","url_meta":{"origin":1445,"position":4},"title":"Primera lectura Lectura de la\u2026","date":"septiembre 23, 2021","format":false,"excerpt":"Primera lectura Lectura de la carta del ap\u00f3stol san Pablo a los Romanos 8, 1-11. Ahora no pesa condena alguna sobre los que est\u00e1n unidos a Cristo Jes\u00fas, pues, por la uni\u00f3n con Cristo Jes\u00fas, la ley del Esp\u00edritu de vida me ha librado de la ley del pecado y\u2026","rel":"","context":"Similar post","img":{"alt_text":"","src":"","width":0,"height":0},"classes":[]},{"id":1460,"url":"https:\/\/cofradiasantorosario.org.gt\/index.php\/2021\/09\/21\/1460\/","url_meta":{"origin":1445,"position":5},"title":"Primera lectura Lectura de la\u2026","date":"septiembre 21, 2021","format":"link","excerpt":"Primera lectura Lectura de la profec\u00eda de Zacar\u00edas 2, 14-17 \u00a0 Al\u00e9grate y goza, Sion, pues voy a habitar en medio de ti \u2014or\u00e1culo del Se\u00f1or\u2014. Aquel d\u00eda se asociar\u00e1n al Se\u00f1or pueblos sin n\u00famero; ellos ser\u00e1n mi pueblo, y habitar\u00e9 en medio de ti, Entonces reconocer\u00e1s que el Se\u00f1or\u2026","rel":"","context":"Similar post","img":{"alt_text":"","src":"","width":0,"height":0},"classes":[]}],"_links":{"self":[{"href":"https:\/\/cofradiasantorosario.org.gt\/index.php\/wp-json\/wp\/v2\/posts\/1445","targetHints":{"allow":["GET"]}}],"collection":[{"href":"https:\/\/cofradiasantorosario.org.gt\/index.php\/wp-json\/wp\/v2\/posts"}],"about":[{"href":"https:\/\/cofradiasantorosario.org.gt\/index.php\/wp-json\/wp\/v2\/types\/post"}],"author":[{"embeddable":true,"href":"https:\/\/cofradiasantorosario.org.gt\/index.php\/wp-json\/wp\/v2\/users\/2"}],"replies":[{"embeddable":true,"href":"https:\/\/cofradiasantorosario.org.gt\/index.php\/wp-json\/wp\/v2\/comments?post=1445"}],"version-history":[{"count":8,"href":"https:\/\/cofradiasantorosario.org.gt\/index.php\/wp-json\/wp\/v2\/posts\/1445\/revisions"}],"predecessor-version":[{"id":1453,"href":"https:\/\/cofradiasantorosario.org.gt\/index.php\/wp-json\/wp\/v2\/posts\/1445\/revisions\/1453"}],"wp:attachment":[{"href":"https:\/\/cofradiasantorosario.org.gt\/index.php\/wp-json\/wp\/v2\/media?parent=1445"}],"wp:term":[{"taxonomy":"category","embeddable":true,"href":"https:\/\/cofradiasantorosario.org.gt\/index.php\/wp-json\/wp\/v2\/categories?post=1445"},{"taxonomy":"post_tag","embeddable":true,"href":"https:\/\/cofradiasantorosario.org.gt\/index.php\/wp-json\/wp\/v2\/tags?post=1445"}],"curies":[{"name":"wp","href":"https:\/\/api.w.org\/{rel}","templated":true}]}}