{"id":1415,"date":"2021-09-21T18:08:29","date_gmt":"2021-09-22T00:08:29","guid":{"rendered":"https:\/\/cofradiasantorosario.org.gt\/?p=1415"},"modified":"2021-09-21T18:13:55","modified_gmt":"2021-09-22T00:13:55","slug":"1415","status":"publish","type":"post","link":"https:\/\/cofradiasantorosario.org.gt\/index.php\/2021\/09\/21\/1415\/","title":{"rendered":""},"content":{"rendered":"\t\t<div data-elementor-type=\"wp-post\" data-elementor-id=\"1415\" class=\"elementor elementor-1415\" data-elementor-settings=\"[]\">\n\t\t\t\t\t\t\t<div class=\"elementor-section-wrap\">\n\t\t\t\t\t\t\t<section class=\"elementor-section elementor-top-section elementor-element elementor-element-f2c7890 elementor-section-boxed elementor-section-height-default elementor-section-height-default\" data-id=\"f2c7890\" data-element_type=\"section\">\n\t\t\t\t\t\t<div class=\"elementor-container elementor-column-gap-default\">\n\t\t\t\t\t<div class=\"elementor-column elementor-col-100 elementor-top-column elementor-element elementor-element-4ca46e2\" data-id=\"4ca46e2\" data-element_type=\"column\">\n\t\t\t<div class=\"elementor-widget-wrap elementor-element-populated\">\n\t\t\t\t\t\t\t\t<div class=\"elementor-element elementor-element-5ec409c elementor-widget elementor-widget-image\" data-id=\"5ec409c\" data-element_type=\"widget\" data-widget_type=\"image.default\">\n\t\t\t\t<div class=\"elementor-widget-container\">\n\t\t\t\t\t\t\t\t\t\t\t\t\t\t\t<img loading=\"lazy\" decoding=\"async\" width=\"300\" height=\"164\" src=\"https:\/\/i0.wp.com\/cofradiasantorosario.org.gt\/wp-content\/uploads\/2021\/09\/LOGO-COFRADIA-1.png?fit=300%2C164&amp;ssl=1\" class=\"attachment-medium size-medium\" alt=\"\" srcset=\"https:\/\/i0.wp.com\/cofradiasantorosario.org.gt\/wp-content\/uploads\/2021\/09\/LOGO-COFRADIA-1.png?w=495&amp;ssl=1 495w, https:\/\/i0.wp.com\/cofradiasantorosario.org.gt\/wp-content\/uploads\/2021\/09\/LOGO-COFRADIA-1.png?resize=300%2C164&amp;ssl=1 300w\" sizes=\"auto, (max-width: 300px) 100vw, 300px\" \/>\t\t\t\t\t\t\t\t\t\t\t\t\t\t\t<\/div>\n\t\t\t\t<\/div>\n\t\t\t\t\t<\/div>\n\t\t<\/div>\n\t\t\t\t\t\t\t<\/div>\n\t\t<\/section>\n\t\t\t\t<section class=\"elementor-section elementor-top-section elementor-element elementor-element-7761628c elementor-section-boxed elementor-section-height-default elementor-section-height-default\" data-id=\"7761628c\" data-element_type=\"section\">\n\t\t\t\t\t\t<div class=\"elementor-container elementor-column-gap-default\">\n\t\t\t\t\t<div class=\"elementor-column elementor-col-100 elementor-top-column elementor-element elementor-element-7ba910ef\" data-id=\"7ba910ef\" data-element_type=\"column\">\n\t\t\t<div class=\"elementor-widget-wrap elementor-element-populated\">\n\t\t\t\t\t\t\t\t<div class=\"elementor-element elementor-element-3d6aa6ee elementor-widget elementor-widget-text-editor\" data-id=\"3d6aa6ee\" data-element_type=\"widget\" data-widget_type=\"text-editor.default\">\n\t\t\t\t<div class=\"elementor-widget-container\">\n\t\t\t\t\t\t\t<p><!-- wp:heading --><\/p>\n<h3>Primera lectura<\/h3>\n<p><!-- \/wp:heading --><!-- wp:heading {\"level\":3} --><\/p>\n<h4>Comienzo de la profec\u00eda de Jon\u00e1s 1,1\u20132,1.11:<\/h4>\n<p><!-- \/wp:heading --><!-- wp:paragraph --><\/p>\n<p>EL Se\u00f1or dirigi\u00f3 su palabra a Jon\u00e1s, hijo de Amitai, en estos t\u00e9rminos:<br>\u00abPonte en marcha, ve a N\u00ednive, la gran ciudad, y ll\u00e9vale este mensaje contra ella, pues me he enterado de sus cr\u00edmenes\u00bb.<\/p>\n<p><!-- \/wp:paragraph --><!-- wp:paragraph --><\/p>\n<p>Jon\u00e1s se puso en marcha para huir a Tarsis, lejos del Se\u00f1or. Baj\u00f3 a Jafa y encontr\u00f3 un barco que iba a Tarsis; pag\u00f3 el pasaje y embarc\u00f3 para ir con ellos a Tarsis, lejos del Se\u00f1or. Pero el Se\u00f1or envi\u00f3 un viento recio y una fuerte tormenta en el mar, y el barco amenazaba con romperse.<\/p>\n<p><!-- \/wp:paragraph --><!-- wp:paragraph --><\/p>\n<p>Los marineros se atemorizaron y se pusieron a rezar, cada uno a su dios. Despu\u00e9s echaron al mar los objetos que hab\u00eda en el barco, para aliviar la carga. Jon\u00e1s baj\u00f3 al fondo de la nave y se qued\u00f3 all\u00ed dormido.<\/p>\n<p><!-- \/wp:paragraph --><!-- wp:paragraph --><\/p>\n<p>El capit\u00e1n se le acerc\u00f3 y le dijo:<br>\u00ab\u00bfQu\u00e9 haces durmiendo? Lev\u00e1ntate y reza a tu dios; quiz\u00e1 se ocupe ese dios de nosotros y no muramos\u00bb.<\/p>\n<p><!-- \/wp:paragraph --><!-- wp:paragraph --><\/p>\n<p>Se dijeron unos a otros:<br>\u00abEchemos suertes para saber qui\u00e9n es el culpable de que nos haya ca\u00eddo esta desgracia\u00bb.<\/p>\n<p><!-- \/wp:paragraph --><!-- wp:paragraph --><\/p>\n<p>Echaron suertes y le toc\u00f3 a Jon\u00e1s. Entonces le dijeron:<br>\u00abDinos qui\u00e9n tiene la culpa de esta desgracia que nos ha sobrevenido, de qu\u00e9 se trata, de d\u00f3nde vienes, cu\u00e1l es tu pa\u00eds y de qu\u00e9 pueblo eres\u00bb.<\/p>\n<p><!-- \/wp:paragraph --><!-- wp:paragraph --><\/p>\n<p>Jon\u00e1s les respondi\u00f3:<br>\u00abSoy hebreo y adoro al Se\u00f1or, Dios del cielo, que hizo el mar y la tierra firme\u00bb.<\/p>\n<p><!-- \/wp:paragraph --><!-- wp:paragraph --><\/p>\n<p>Muchos de aquellos hombres se asustaron y le preguntaron:<br>\u00ab\u00bfPor qu\u00e9 has hecho eso?\u00bb.<br>Pues se enteraron por el propio Jon\u00e1s de que iba huyendo del Se\u00f1or.<\/p>\n<p><!-- \/wp:paragraph --><!-- wp:paragraph --><\/p>\n<p>Despu\u00e9s le dijeron:<br>\u00ab\u00bfQu\u00e9 vamos a hacer contigo para que se calme el mar?\u00bb.<br>Pues la tormenta arreciaba por momentos.<\/p>\n<p><!-- \/wp:paragraph --><!-- wp:paragraph --><\/p>\n<p>Jon\u00e1s les respondi\u00f3:<br>\u00abAgarradme, echadme al mar y se calmar\u00e1. Bien s\u00e9 que soy el culpable de que os haya sobrevenido esta tormenta\u00bb.<\/p>\n<p><!-- \/wp:paragraph --><!-- wp:paragraph --><\/p>\n<p>Aquellos hombres intentaron remar hasta tierra firme, pero no lo consiguieron, pues la tormenta arreciaba. Entonces rezaron as\u00ed al Se\u00f1or:<br>\u00ab\u00a1Se\u00f1or!, no nos hagas desaparecer por culpa de este hombre; no nos imputes sangre inocente, pues t\u00fa, Se\u00f1or, act\u00faas como te gusta\u00bb.<br>Despu\u00e9s agarraron a Jon\u00e1s y lo echaron al mar. Y el mar se calm\u00f3.<\/p>\n<p><!-- \/wp:paragraph --><!-- wp:paragraph --><\/p>\n<p>Tras ver lo ocurrido, aquellos hombres temieron profundamente al Se\u00f1or, le ofrecieron un sacrificio y le hicieron votos. El Se\u00f1or envi\u00f3 un gran pez para que se tragase a Jon\u00e1s, y all\u00ed estuvo Jon\u00e1s, en el vientre del pez, durante tres d\u00edas con sus noches. Y el Se\u00f1or habl\u00f3 al pez, que vomit\u00f3 a Jon\u00e1s en tierra firme.<\/p>\n<p><!-- \/wp:paragraph --><!-- wp:heading --><\/p>\n<h3>Salmo<\/h3>\n<p><!-- \/wp:heading --><!-- wp:heading {\"level\":3} --><\/p>\n<h4>Jon 2,3.4.5.8 R\/. T\u00fa, Se\u00f1or, me sacaste vivo de la fosa<\/h4>\n<p><!-- \/wp:heading --><!-- wp:paragraph --><\/p>\n<p>Invoqu\u00e9 al Se\u00f1or en mi desgracia y me escuch\u00f3;<br>desde lo hondo del Abismo ped\u00ed auxilio<br>y escuchaste mi llamada. R\/.<\/p>\n<p><!-- \/wp:paragraph --><!-- wp:paragraph --><\/p>\n<p>Me arrojaste a las profundidades de alta mar,<br>las corrientes me rodeaban,<br>todas tus olas y oleajes se echaron sobre m\u00ed. R\/.<\/p>\n<p><!-- \/wp:paragraph --><!-- wp:paragraph --><\/p>\n<p>Me dije: \u00abExpulsado de tu presencia,<br>\u00bfCu\u00e1ndo volver\u00e9 a contemplar tu santa morada?\u00bb. R\/.<\/p>\n<p><!-- \/wp:paragraph --><!-- wp:paragraph --><\/p>\n<p>Cuando ya desfallec\u00eda mi \u00e1nimo,<br>me acord\u00e9 del Se\u00f1or;<br>y mi oraci\u00f3n lleg\u00f3 hasta ti,<br>hasta tu santa morada. R\/.<\/p>\n<p><!-- \/wp:paragraph --><!-- wp:heading --><\/p>\n<h3>Evangelio del d\u00eda<\/h3>\n<p><\/p>\n<p><!-- \/wp:heading --><!-- wp:heading {\"level\":3} --><\/p>\n<h4>Lectura del santo evangelio seg\u00fan san Lucas 10,25-37<\/h4>\n<p><!-- \/wp:heading --><!-- wp:paragraph --><\/p>\n<p>EN aquel tiempo, se levant\u00f3 un maestro de la ley y pregunt\u00f3 a Jes\u00fas para ponerlo a prueba:<br>\u00abMaestro, \u00bfqu\u00e9 tengo que hacer para heredar la vida eterna?\u00bb.<br>\u00c9l le dijo:<br>\u00ab\u00bfQu\u00e9 est\u00e1 escrito en la ley? \u00bfQu\u00e9 lees en ella?\u00bb.<br>El respondi\u00f3:<br>\u00ab\u201cAmar\u00e1s al Se\u00f1or, tu Dios, con todo tu coraz\u00f3n y con toda tu alma y con toda tu fuerza\u201d y con toda tu mente. Y \u201ca tu pr\u00f3jimo como a ti mismo\u201d\u00bb.<br>\u00c9l le dijo:<br>\u00abHas respondido correctamente. Haz esto y tendr\u00e1s la vida\u00bb.<br>Pero el maestro de la ley, queriendo justificarse, dijo a Jes\u00fas:<br>\u00ab\u00bfY qui\u00e9n es mi pr\u00f3jimo?\u00bb.<br>Respondi\u00f3 Jes\u00fas diciendo:<br>\u00abUn hombre bajaba de Jerusal\u00e9n a Jeric\u00f3, cay\u00f3 en manos de unos bandidos, que lo desnudaron, lo molieron a palos y se marcharon, dej\u00e1ndolo medio muerto. Por casualidad, un sacerdote bajaba por aquel camino y, al verlo, dio un rodeo y pas\u00f3 de largo. Y lo mismo hizo un levita que lleg\u00f3 a aquel sitio: al verlo dio un rodeo y pas\u00f3 de largo.<br>Pero un samaritano que iba de viaje lleg\u00f3 adonde estaba \u00e9l y, al verlo, se compadeci\u00f3, y acerc\u00e1ndose, le vend\u00f3 las heridas, ech\u00e1ndoles aceite y vino, y, mont\u00e1ndolo en su propia cabalgadura, lo llev\u00f3 a una posada y lo cuid\u00f3. Al d\u00eda siguiente, sacando dos denarios, se los dio al posadero y le dijo:<br>\u201cCuida de \u00e9l, y lo que gastes de m\u00e1s yo te lo pagar\u00e9 cuando vuelva\u201d.<br>\u00bfCu\u00e1l de estos tres te parece que ha sido pr\u00f3jimo del que cay\u00f3 en manos de los bandidos?\u00bb.<br>\u00c9l dijo:<br>\u00abEl que practic\u00f3 la misericordia con \u00e9l\u00bb.<br>Jes\u00fas le dijo:<br>\u00abAnda y haz t\u00fa lo mismo\u00bb.<\/p>\n<p><!-- \/wp:paragraph --><!-- wp:heading --><\/p>\n<h4>Reflexi\u00f3n del Evangelio de hoy<\/h4>\n<p><!-- \/wp:heading --><!-- wp:paragraph --><\/p>\n<p>&nbsp;Hoy, en la iglesia cat\u00f3lica celebramos uno de los santos m\u00e1s conocidos mundialmente. Al iniciar el comentario a las lecturas de la Eucarist\u00eda y pensar sobre su vida, record\u00e9 algo que hace un tiempo le\u00ed en su relaci\u00f3n con santo Domingo:<\/p>\n<p><!-- \/wp:paragraph --><!-- wp:paragraph --><\/p>\n<p>\u201c\u2026<strong>estando Domingo en la iglesia de Roma, coincidi\u00f3 con Francisco en misa. Los dos se abrazaron y besaron,<\/strong>&nbsp;y Domingo le dijo: \u2018T\u00fa eres mi compa\u00f1ero; conmigo recorrer\u00e1s el mundo. Establezcamos entre nosotros un compromiso de colaboraci\u00f3n.&nbsp;Seamos fieles a Cristo, y no habr\u00e1 adversario que pueda vencernos.\u2019<\/p>\n<p><!-- \/wp:paragraph --><!-- wp:paragraph --><\/p>\n<p><strong>De all\u00ed data la tradici\u00f3n de que, en la fiesta de San Francisco, los dominicos se re\u00fanen con ellos y celebran la Eucarist\u00eda, y de la misma manera, los hermanos Franciscanos en la fiesta de Santo Domingo.\u201d<\/strong><\/p>\n<p><!-- \/wp:paragraph --><!-- wp:paragraph --><\/p>\n<p><strong>Los hijos espirituales de ambos, asumieron que la amistad entre los dos santos, significaba la uni\u00f3n fraternal de ambas \u00f3rdenes religiosas.<\/strong>(J. Salvador Hern\u00e1ndez. C. O.P)<\/p>\n<p><!-- \/wp:paragraph --><!-- wp:heading {\"level\":3} --><\/p>\n<h3>Lev\u00e1ntate, vete a N\u00ednive y predica\u2026<\/h3>\n<p><!-- \/wp:heading --><!-- wp:paragraph --><\/p>\n<p>Cierto d\u00eda, la vida de Jon\u00e1s dio un giro inesperado: recibi\u00f3 un encargo divino que le pareci\u00f3 extremadamente dif\u00edcil de llevarlo a cabo. Casi imposible.<\/p>\n<p><!-- \/wp:paragraph --><!-- wp:paragraph --><\/p>\n<p>Hab\u00eda una gran ciudad en Asiria llamada N\u00ednive. La gente de N\u00ednive se hab\u00eda pervertido, as\u00ed que Dios decidi\u00f3 destruir tal ciudad. Pero, siendo Dios amor, (1\u00aaJn 4:8) \u00bfc\u00f3mo iba a hacer eso? As\u00ed que mand\u00f3 a Jon\u00e1s a advertir a la gente de N\u00ednive de la sentencia divina, invit\u00e1ndoles al arrepentimiento, a una conversi\u00f3n de vida, para obtener la misericordia y perd\u00f3n divino (Jon 1).<\/p>\n<p><!-- \/wp:paragraph --><!-- wp:paragraph --><\/p>\n<p>Pensar\u00edamos que este profeta hubiera obedecido r\u00e1pidamente a Dios, pero Jon\u00e1s no lo hizo. Se levanto y tom\u00f3 un barco que part\u00eda para Tarsis con el fin de huir de la presencia y mandamiento de Dios. Es&nbsp;obvio que Jon\u00e1s no&nbsp;ten\u00eda la m\u00e1s m\u00ednima intenci\u00f3n de cumplir la orden de Dios. (Jon 1,3) Jon\u00e1s no quer\u00eda llevar ning\u00fan mensaje de arrepentimiento a N\u00ednive, no quer\u00eda darles esperanza, ya que \u00e9l pensaba que tal pueblo malo merec\u00eda ser destruido sin advertencia ni consideraci\u00f3n.<\/p>\n<p><!-- \/wp:paragraph --><!-- wp:paragraph --><\/p>\n<p>Al ser humano le cuesta entrar en la l\u00f3gica de Dios. A menudo quiere, queremos aplicar los conceptos de justicia, perd\u00f3n\u2026seg\u00fan nuestra capacidad humana, afectada por rigideces, terquedades, falso perfeccionismo, superioridad. Jon\u00e1s quiere ense\u00f1ar a Dios c\u00f3mo se debe hacer las cosas, lo mandado le parece un absurdo. Esta claro que Jon\u00e1s no comprend\u00eda demasiado bien la gratuidad de la gracia. No cab\u00eda en su pensamiento que \u00e9l mismo merec\u00eda el mismo juicio que los ninivitas, que era tan pecador como las personas a las que era enviado. No entend\u00eda que \u201clos caminos de Dios no son nuestros caminos\u201d, son mejores, incluso cuando no los comprendemos.<\/p>\n<p><!-- \/wp:paragraph --><!-- wp:paragraph --><\/p>\n<p>Debido a la desobediencia de Jon\u00e1s, una gran tormenta se levant\u00f3 en medio del mar, tanto que el capit\u00e1n del barco no pudo controlarlo. Temiendo a la muerte, todos en el barco comenzaron a clamar a sus dioses, excepto Jon\u00e1s, que en la bodega del barco permanece dormido. Pero Dios tiene otros planes para \u00e9l. Jon\u00e1s reconoce su culpa (V.12) y Dios se apresta a hacer algo para que Jon\u00e1s lleve a cabo la misi\u00f3n encomendada. (V.2)<\/p>\n<p><!-- \/wp:paragraph --><!-- wp:paragraph --><\/p>\n<p>Nos podemos preguntar: \u00bfqu\u00e9 de lejos estamos nosotros del comportamiento de Jon\u00e1s? \u00bfQu\u00e9 nos est\u00e1 ense\u00f1ando Dios a trav\u00e9s de la vida de Jon\u00e1s? Podemos orar con una s\u00faplica. Jon 2,3-10<\/p>\n<p><!-- \/wp:paragraph --><!-- wp:heading {\"level\":3} --><\/p>\n<h4>Has respondido correctamente. Haz eso y vivir\u00e1s<\/h4>\n<p><!-- \/wp:heading --><!-- wp:paragraph --><\/p>\n<p>El texto de Lucas que hemos escuchado hoy, comienza se\u00f1alando la verdadera intenci\u00f3n de ese maestro de la ley. Era muy com\u00fan que intentar\u00e1n poner en aprietos al abordar a Jes\u00fas. Esperar y ver como era su respuesta, \u00bfser\u00eda un verdadero Rab\u00ed? \u00bfO un embaucador?<\/p>\n<p><!-- \/wp:paragraph --><!-- wp:paragraph --><\/p>\n<p>En este caso podemos apreciar la forma magistral con la que Jes\u00fas, responde. El maestro de la ley le hace la 1\u00aa pregunta y se queda a la escucha. Jes\u00fas va a utilizar una metodolog\u00eda curiosa, (nuestro refranero tambi\u00e9n la conoce\u2026) le responde formulando otra pregunta y se queda esperando y a la escucha de su interlocutor. Jes\u00fas afirma lo correcto de la respuesta y, con una peque\u00f1a frase:&nbsp;<em>\u201cHaz eso y vivir\u00e1s\u201d,<\/em>da por concluido el dialogo.<\/p>\n<p><!-- \/wp:paragraph --><!-- wp:paragraph --><\/p>\n<p>Sin embargo, el maestro de la ley hace la pregunta, no para entender mejor, sino para ganar ventaja sobre Jes\u00fas y el resultado no pudo ser m\u00e1s desastroso. Jes\u00fas le remite a su propia conciencia y conocimiento de la ley. Es como si le hubiera dicho: &nbsp;Ah\u00ed, encontrara todo. \u00bfNo eres t\u00fa el experto?<\/p>\n<p><!-- \/wp:paragraph --><!-- wp:paragraph --><\/p>\n<p>El maestro, act\u00faa como un h\u00e1bil interlocutor que quiere sacar puntos en el debate, de ah\u00ed, la 2\u00aa pregunta formulada:&nbsp;<em>\u201c\u00bfY qui\u00e9n es mi pr\u00f3jimo?<\/em>Ante esta pregunta, Jes\u00fas les narra una historia apasionante, quiere mantener la atenci\u00f3n de sus oyentes, que esperen el desenlace final. El maestro de la ley no se imagina cuan lejos va a llevar Jes\u00fas la definici\u00f3n de pr\u00f3jimo.<\/p>\n<p><!-- \/wp:paragraph --><!-- wp:paragraph --><\/p>\n<p>Hemos escuchado la par\u00e1bola, y no desear\u00eda que hoy nos distrajera la explicaci\u00f3n de todos los personajes y del porqu\u00e9 actuaron de tal forma en esta historia. A veces podemos dar por buenas ciertas escusas en el actuar, intentemos no caer en ellas. Hoy, en mi situaci\u00f3n concreta: \u00bfqui\u00e9n es nuestro pr\u00f3jimo?<\/p>\n<p><!-- \/wp:paragraph --><!-- wp:paragraph --><\/p>\n<p>En resumen, es toda persona que necesite nuestra ayuda, comprensi\u00f3n, agradecimiento y colaboraci\u00f3n. &nbsp;Qued\u00e9monos con la respuesta correcta a la \u00faltima pregunta de Jes\u00fas y el env\u00edo que \u00c9l nos hace: \u201c<em>Vete y haz tu lo mismo\u201d.<\/em><\/p>\n<p><!-- \/wp:paragraph --><!-- wp:image {\"id\":990,\"sizeSlug\":\"full\",\"linkDestination\":\"none\"} --><\/p>\n<figure class=\"wp-block-image size-full\"><br><\/figure>\n<p><!-- \/wp:image --><\/p>\t\t\t\t\t\t<\/div>\n\t\t\t\t<\/div>\n\t\t\t\t\t<\/div>\n\t\t<\/div>\n\t\t\t\t\t\t\t<\/div>\n\t\t<\/section>\n\t\t\t\t\t\t<\/div>\n\t\t\t\t\t<\/div>\n\t\t","protected":false},"excerpt":{"rendered":"<p>Primera lectura Comienzo de la profec\u00eda de Jon\u00e1s 1,1\u20132,1.11: EL Se\u00f1or dirigi\u00f3 su palabra a Jon\u00e1s, hijo de Amitai, en estos t\u00e9rminos:\u00abPonte en marcha, ve a N\u00ednive, la gran ciudad, [&hellip;]<\/p>\n","protected":false},"author":2,"featured_media":0,"comment_status":"closed","ping_status":"closed","sticky":false,"template":"elementor_canvas","format":"standard","meta":{"om_disable_all_campaigns":false,"_monsterinsights_skip_tracking":false,"_monsterinsights_sitenote_active":false,"_monsterinsights_sitenote_note":"","_monsterinsights_sitenote_category":0,"site-sidebar-layout":"default","site-content-layout":"default","ast-site-content-layout":"","site-content-style":"default","site-sidebar-style":"default","ast-global-header-display":"","ast-banner-title-visibility":"","ast-main-header-display":"","ast-hfb-above-header-display":"","ast-hfb-below-header-display":"","ast-hfb-mobile-header-display":"","site-post-title":"","ast-breadcrumbs-content":"","ast-featured-img":"","footer-sml-layout":"","theme-transparent-header-meta":"default","adv-header-id-meta":"","stick-header-meta":"","header-above-stick-meta":"","header-main-stick-meta":"","header-below-stick-meta":"","astra-migrate-meta-layouts":"default","ast-page-background-enabled":"default","ast-page-background-meta":{"desktop":{"background-color":"","background-image":"","background-repeat":"repeat","background-position":"center center","background-size":"auto","background-attachment":"scroll","background-type":"","background-media":"","overlay-type":"","overlay-color":"","overlay-opacity":"","overlay-gradient":""},"tablet":{"background-color":"","background-image":"","background-repeat":"repeat","background-position":"center center","background-size":"auto","background-attachment":"scroll","background-type":"","background-media":"","overlay-type":"","overlay-color":"","overlay-opacity":"","overlay-gradient":""},"mobile":{"background-color":"","background-image":"","background-repeat":"repeat","background-position":"center center","background-size":"auto","background-attachment":"scroll","background-type":"","background-media":"","overlay-type":"","overlay-color":"","overlay-opacity":"","overlay-gradient":""}},"ast-content-background-meta":{"desktop":{"background-color":"var(--ast-global-color-5)","background-image":"","background-repeat":"repeat","background-position":"center center","background-size":"auto","background-attachment":"scroll","background-type":"","background-media":"","overlay-type":"","overlay-color":"","overlay-opacity":"","overlay-gradient":""},"tablet":{"background-color":"var(--ast-global-color-5)","background-image":"","background-repeat":"repeat","background-position":"center center","background-size":"auto","background-attachment":"scroll","background-type":"","background-media":"","overlay-type":"","overlay-color":"","overlay-opacity":"","overlay-gradient":""},"mobile":{"background-color":"var(--ast-global-color-5)","background-image":"","background-repeat":"repeat","background-position":"center center","background-size":"auto","background-attachment":"scroll","background-type":"","background-media":"","overlay-type":"","overlay-color":"","overlay-opacity":"","overlay-gradient":""}},"spay_email":"","footnotes":""},"categories":[1],"tags":[],"class_list":["post-1415","post","type-post","status-publish","format-standard","hentry","category-uncategorized"],"jetpack_featured_media_url":"","jetpack-related-posts":[{"id":1445,"url":"https:\/\/cofradiasantorosario.org.gt\/index.php\/2021\/09\/21\/1445\/","url_meta":{"origin":1415,"position":0},"title":"Primera lectura \u00a0 Lectura de\u2026","date":"septiembre 21, 2021","format":false,"excerpt":"Primera lectura \u00a0 Lectura de la profec\u00eda de Jon\u00e1s 4,1-11 Jon\u00e1s se disgust\u00f3 y se indign\u00f3 profundamente. Y rez\u00f3 al Se\u00f1or en estos t\u00e9rminos:\u00ab\u00bfNo lo dec\u00eda yo, Se\u00f1or, cuando estaba en mi tierra? Por eso intent\u00e9 escapar a Tarsis, pues bien s\u00e9 que eres un Dios bondadoso, compasivo, paciente y\u2026","rel":"","context":"Similar post","img":{"alt_text":"","src":"","width":0,"height":0},"classes":[]},{"id":1513,"url":"https:\/\/cofradiasantorosario.org.gt\/index.php\/2021\/09\/22\/1513\/","url_meta":{"origin":1415,"position":1},"title":"Primera lectura Comienzo de la\u2026","date":"septiembre 22, 2021","format":false,"excerpt":"Primera lectura Comienzo de la carta del ap\u00f3stol san Pablo a los Romanos (1,1-7) Pablo, sirvo de Cristo Jes\u00fas, llamado a ser ap\u00f3stol, escogido para anunciar el Evangelio de Dios. Este Evangelio, prometido ya por sus profetas en las Escrituras santas, se refiere a su Hijo, nacido, seg\u00fan la carne,\u2026","rel":"","context":"Similar post","img":{"alt_text":"","src":"","width":0,"height":0},"classes":[]},{"id":1555,"url":"https:\/\/cofradiasantorosario.org.gt\/index.php\/2021\/09\/23\/1555\/","url_meta":{"origin":1415,"position":2},"title":"Primera lectura Lectura de la\u2026","date":"septiembre 23, 2021","format":false,"excerpt":"Primera lectura Lectura de la segunda carta del ap\u00f3stol san Pablo a Timoteo 4, 10-17b Dimas me ha dejado, enamorado de este mundo presente, y se ha marchado a Tesal\u00f3nica; Crescente se ha ido a Galacia; Tito, a Dalmacia; s\u00f3lo Lucas est\u00e1 conmigo. Coge a Marcos y tr\u00e1etelo contigo, ayuda\u2026","rel":"","context":"Similar post","img":{"alt_text":"","src":"","width":0,"height":0},"classes":[]},{"id":1600,"url":"https:\/\/cofradiasantorosario.org.gt\/index.php\/2021\/09\/23\/1600\/","url_meta":{"origin":1415,"position":3},"title":"Primera lectura Lectura del Profeta\u2026","date":"septiembre 23, 2021","format":false,"excerpt":"Primera lectura Lectura del Profeta Jerem\u00edas 31, 7-9 Esto dice el Se\u00f1or:Gritad de alegr\u00eda por Jacob, regocijaos por el mejor de los pueblos; proclamad, alabad y decid: el Se\u00f1or ha salvado a su pueblo, al resto de Israel.Mirad que yo os traer\u00e9 del pa\u00eds del Norte, os congregar\u00e9 de los\u2026","rel":"","context":"Similar post","img":{"alt_text":"","src":"","width":0,"height":0},"classes":[]},{"id":1521,"url":"https:\/\/cofradiasantorosario.org.gt\/index.php\/2021\/09\/22\/1521\/","url_meta":{"origin":1415,"position":4},"title":"Primera lectura Lectura del primer\u2026","date":"septiembre 22, 2021","format":false,"excerpt":"Primera lectura Lectura del primer libro de las Cr\u00f3nicas 15, 3-4. 15-16; 16, 1-2 En aquellos d\u00edas, David congreg\u00f3 en Jerusal\u00e9n a todo Israel para subir el Arca del Se\u00f1or al lugar que le hab\u00eda preparado. Reuni\u00f3 tambi\u00e9n a los hijos de Aar\u00f3n y a los levitas. Luego los levitas\u2026","rel":"","context":"Similar post","img":{"alt_text":"","src":"","width":0,"height":0},"classes":[]},{"id":1216,"url":"https:\/\/cofradiasantorosario.org.gt\/index.php\/2021\/09\/20\/1216\/","url_meta":{"origin":1415,"position":5},"title":"Primera lectura Lectura del libro\u2026","date":"septiembre 20, 2021","format":false,"excerpt":"Primera lectura Lectura del libro de Baruc 1,15-22: Confesamos que el Se\u00f1or nuestro Dios es justo. Nosotros, en cambio, sentimos en este d\u00eda la verg\u00fcenza de la culpa. Nosotros, hombres de Jud\u00e1, vecinos de Jerusal\u00e9n, nuestros reyes y gobernantes, nuestros sacerdotes y profetas, lo mismo que nuestros antepasados, hemos pecado\u2026","rel":"","context":"In &quot;Religiosidad&quot;","img":{"alt_text":"","src":"","width":0,"height":0},"classes":[]}],"_links":{"self":[{"href":"https:\/\/cofradiasantorosario.org.gt\/index.php\/wp-json\/wp\/v2\/posts\/1415","targetHints":{"allow":["GET"]}}],"collection":[{"href":"https:\/\/cofradiasantorosario.org.gt\/index.php\/wp-json\/wp\/v2\/posts"}],"about":[{"href":"https:\/\/cofradiasantorosario.org.gt\/index.php\/wp-json\/wp\/v2\/types\/post"}],"author":[{"embeddable":true,"href":"https:\/\/cofradiasantorosario.org.gt\/index.php\/wp-json\/wp\/v2\/users\/2"}],"replies":[{"embeddable":true,"href":"https:\/\/cofradiasantorosario.org.gt\/index.php\/wp-json\/wp\/v2\/comments?post=1415"}],"version-history":[{"count":7,"href":"https:\/\/cofradiasantorosario.org.gt\/index.php\/wp-json\/wp\/v2\/posts\/1415\/revisions"}],"predecessor-version":[{"id":1422,"href":"https:\/\/cofradiasantorosario.org.gt\/index.php\/wp-json\/wp\/v2\/posts\/1415\/revisions\/1422"}],"wp:attachment":[{"href":"https:\/\/cofradiasantorosario.org.gt\/index.php\/wp-json\/wp\/v2\/media?parent=1415"}],"wp:term":[{"taxonomy":"category","embeddable":true,"href":"https:\/\/cofradiasantorosario.org.gt\/index.php\/wp-json\/wp\/v2\/categories?post=1415"},{"taxonomy":"post_tag","embeddable":true,"href":"https:\/\/cofradiasantorosario.org.gt\/index.php\/wp-json\/wp\/v2\/tags?post=1415"}],"curies":[{"name":"wp","href":"https:\/\/api.w.org\/{rel}","templated":true}]}}