{"id":1256,"date":"2021-09-20T16:00:47","date_gmt":"2021-09-20T22:00:47","guid":{"rendered":"https:\/\/cofradiasantorosario.org.gt\/?p=1256"},"modified":"2021-09-20T16:11:46","modified_gmt":"2021-09-20T22:11:46","slug":"1256","status":"publish","type":"post","link":"https:\/\/cofradiasantorosario.org.gt\/index.php\/2021\/09\/20\/1256\/","title":{"rendered":""},"content":{"rendered":"\t\t<div data-elementor-type=\"wp-post\" data-elementor-id=\"1256\" class=\"elementor elementor-1256\" data-elementor-settings=\"[]\">\n\t\t\t\t\t\t\t<div class=\"elementor-section-wrap\">\n\t\t\t\t\t\t\t<section class=\"elementor-section elementor-top-section elementor-element elementor-element-982a630 elementor-section-boxed elementor-section-height-default elementor-section-height-default\" data-id=\"982a630\" data-element_type=\"section\">\n\t\t\t\t\t\t<div class=\"elementor-container elementor-column-gap-default\">\n\t\t\t\t\t<div class=\"elementor-column elementor-col-100 elementor-top-column elementor-element elementor-element-be05fec\" data-id=\"be05fec\" data-element_type=\"column\">\n\t\t\t<div class=\"elementor-widget-wrap elementor-element-populated\">\n\t\t\t\t\t\t\t\t<div class=\"elementor-element elementor-element-b46e3d2 elementor-widget elementor-widget-image\" data-id=\"b46e3d2\" data-element_type=\"widget\" data-widget_type=\"image.default\">\n\t\t\t\t<div class=\"elementor-widget-container\">\n\t\t\t\t\t\t\t\t\t\t\t\t\t\t\t<img loading=\"lazy\" decoding=\"async\" width=\"300\" height=\"164\" src=\"https:\/\/i2.wp.com\/cofradiasantorosario.org.gt\/wp-content\/uploads\/2021\/09\/LOGO-COFRADIA-2.png?fit=300%2C164&amp;ssl=1\" class=\"attachment-medium size-medium\" alt=\"\" srcset=\"https:\/\/i2.wp.com\/cofradiasantorosario.org.gt\/wp-content\/uploads\/2021\/09\/LOGO-COFRADIA-2.png?w=495&amp;ssl=1 495w, https:\/\/i2.wp.com\/cofradiasantorosario.org.gt\/wp-content\/uploads\/2021\/09\/LOGO-COFRADIA-2.png?resize=300%2C164&amp;ssl=1 300w\" sizes=\"auto, (max-width: 300px) 100vw, 300px\" \/>\t\t\t\t\t\t\t\t\t\t\t\t\t\t\t<\/div>\n\t\t\t\t<\/div>\n\t\t\t\t\t<\/div>\n\t\t<\/div>\n\t\t\t\t\t\t\t<\/div>\n\t\t<\/section>\n\t\t\t\t<section class=\"elementor-section elementor-top-section elementor-element elementor-element-4fa982a6 elementor-section-boxed elementor-section-height-default elementor-section-height-default\" data-id=\"4fa982a6\" data-element_type=\"section\">\n\t\t\t\t\t\t<div class=\"elementor-container elementor-column-gap-default\">\n\t\t\t\t\t<div class=\"elementor-column elementor-col-100 elementor-top-column elementor-element elementor-element-d7cf908\" data-id=\"d7cf908\" data-element_type=\"column\">\n\t\t\t<div class=\"elementor-widget-wrap elementor-element-populated\">\n\t\t\t\t\t\t\t\t<div class=\"elementor-element elementor-element-2a102f28 elementor-widget elementor-widget-text-editor\" data-id=\"2a102f28\" data-element_type=\"widget\" data-widget_type=\"text-editor.default\">\n\t\t\t\t<div class=\"elementor-widget-container\">\n\t\t\t\t\t\t\t<p><!-- wp:heading --><\/p>\n<h3>Primera lectura<\/h3>\n<p><\/p>\n<p><!-- \/wp:heading --><!-- wp:heading {\"level\":3} --><\/p>\n<h4>Lectura del libro de Baruc 4, 5-12. 27-29<\/h4>\n<p><!-- \/wp:heading --><!-- wp:paragraph --><\/p>\n<p>\u00a1\u00c1nimo, pueblo m\u00edo, que llevas el nombre de Israel!&nbsp;<span style=\"font-style: inherit; font-weight: inherit;\">Os vendieron a naciones extranjeras,&nbsp;<\/span><span style=\"font-style: inherit; font-weight: inherit;\">pero no para ser aniquilados.&nbsp;<\/span><span style=\"font-style: inherit; font-weight: inherit;\">Por la c\u00f3lera de Dios contra vosotros,&nbsp;<\/span><span style=\"font-style: inherit; font-weight: inherit;\">os entregaron en poder del enemigo,&nbsp;<\/span><span style=\"font-style: inherit; font-weight: inherit;\">porque irritasteis a vuestro Creador,&nbsp;<\/span><span style=\"font-style: inherit; font-weight: inherit;\">sacrificando a demonios, no a Dios;&nbsp;<\/span><span style=\"font-style: inherit; font-weight: inherit;\">os olvidasteis del Se\u00f1or eterno,&nbsp;<\/span><span style=\"font-style: inherit; font-weight: inherit;\">del Se\u00f1or que os hab\u00eda alimentado, <\/span><span style=\"font-style: inherit; font-weight: inherit;\">y afligisteis a Jerusal\u00e9n que os criaba. <\/span><span style=\"font-style: inherit; font-weight: inherit;\">Cuando ella vio que el castigo&nbsp;<\/span><span style=\"font-style: inherit; font-weight: inherit;\">de Dios se avecinaba, dijo:&nbsp;<\/span><span style=\"font-style: inherit; font-weight: inherit;\">Escuchad, habitantes de Sion,&nbsp;<\/span><span style=\"font-style: inherit; font-weight: inherit;\">Dios me ha cubierto de aflicci\u00f3n.&nbsp;<\/span><span style=\"font-style: inherit; font-weight: inherit;\">He visto que el Eterno ha mandado&nbsp;<\/span><span style=\"font-style: inherit; font-weight: inherit;\">cautivos a mis hijos y a mis hijas;&nbsp;<\/span><span style=\"font-style: inherit; font-weight: inherit;\">los hab\u00eda criado con alegr\u00eda,<\/span><\/p>\n<p>los desped\u00ed con l\u00e1grimas de pena.&nbsp;<span style=\"font-style: inherit; font-weight: inherit;\">Que nadie se alegre cuando vea&nbsp;<\/span><span style=\"font-style: inherit; font-weight: inherit;\">a esta viuda abandonada de todos.&nbsp;<\/span><span style=\"font-style: inherit; font-weight: inherit;\">Si ahora me encuentro desierta,&nbsp;<\/span><span style=\"font-style: inherit; font-weight: inherit;\">es por los pecados de mis hijos,&nbsp;<\/span><span style=\"font-style: inherit; font-weight: inherit;\">que se apartaron de la ley de Dios.&nbsp;<\/span><span style=\"font-style: inherit; font-weight: inherit;\">\u00a1\u00c1nimo, hijos! Gritad a Dios,&nbsp;<\/span><span style=\"font-style: inherit; font-weight: inherit;\">os castig\u00f3 pero se acordar\u00e1 de vosotros.&nbsp;<\/span><span style=\"font-style: inherit; font-weight: inherit;\">Si un d\u00eda os empe\u00f1asteis en alejaros de Dios,&nbsp;<\/span><span style=\"font-style: inherit; font-weight: inherit;\">volveos a buscarlo con redoblado empe\u00f1o.&nbsp;<\/span><span style=\"font-style: inherit; font-weight: inherit;\">El mismo que os mand\u00f3 las desgracias&nbsp;<\/span><span style=\"font-style: inherit; font-weight: inherit;\">os mandar\u00e1 el gozo eterno de vuestra salvaci\u00f3n.<\/span><\/p><p><span style=\"font-style: inherit; font-weight: inherit;\"><br><\/span><\/p>\n<p><!-- \/wp:paragraph --><!-- wp:heading --><\/p>\n<h3>Salmo<\/h3><div><br><\/div>\n<p><\/p>\n<p><!-- \/wp:heading --><!-- wp:heading {\"level\":3} --><\/p>\n<h4>Sal 68, 33-35. 36-37 R\/. El Se\u00f1or escucha a sus pobres.<\/h4>\n<p><!-- \/wp:heading --><!-- wp:paragraph --><\/p>\n<p>Miradlo, los humildes, y alegraos,<br>buscad al Se\u00f1or, y revivir\u00e1 vuestro coraz\u00f3n.<br>Que el Se\u00f1or escucha a sus pobres,<br>no desprecia a sus cautivos.<br>Al\u00e1benlo el cielo y la tierra, las aguas y cuanto bulle en ellas. R\/.<\/p>\n<p><!-- \/wp:paragraph --><!-- wp:paragraph --><\/p>\n<p>Dios salvar\u00e1 a Si\u00f3n,<br>reconstruir\u00e1 las ciudades de Jud\u00e1,<br>y las habitar\u00e1n en posesi\u00f3n.<br>La estirpe de sus siervos la heredar\u00e1,<br>los que aman su nombre vivir\u00e1n en ella. R\/.<\/p><p><br><\/p>\n<p><!-- \/wp:paragraph --><!-- wp:heading --><\/p>\n<h3>Evangelio del d\u00eda<\/h3><div><br><\/div>\n<p><\/p>\n<p><!-- \/wp:heading --><!-- wp:heading {\"level\":3} --><\/p>\n<h4>Lectura del santo evangelio seg\u00fan san Mateo 18, 1-5. 10<\/h4>\n<p><!-- \/wp:heading --><!-- wp:paragraph --><\/p>\n<p>En aquel tiempo, los setenta y dos volvieron con alegr\u00eda diciendo:<br>\u00abSe\u00f1or, hasta los demonios se nos someten en tu nombre\u00bb.<\/p>\n<p><!-- \/wp:paragraph --><!-- wp:paragraph --><\/p>\n<p>Jes\u00fas les dijo:<br>\u00abEstaba viendo a Satan\u00e1s caer del cielo como un rayo. Mirad: os he dado el poder de pisotear serpientes y escorpiones y todo poder del enemigo, y nada os har\u00e1 da\u00f1o alguno.<\/p>\n<p><!-- \/wp:paragraph --><!-- wp:paragraph --><\/p>\n<p>Sin embargo, no est\u00e9is alegres porque se os someten los esp\u00edritus; estad alegres porque vuestros nombres est\u00e1n inscritos en el cielo\u00bb.<\/p>\n<p><!-- \/wp:paragraph --><!-- wp:paragraph --><\/p>\n<p>En aquella hora, se llen\u00f3 de alegr\u00eda en el Esp\u00edritu Santo y dijo:<br>\u00abTe doy gracias, Padre, Se\u00f1or del cielo y de la tierra, porque has escondido estas cosas a los sabios y entendidos, y las has revelado a los peque\u00f1os.<\/p>\n<p><!-- \/wp:paragraph --><!-- wp:paragraph --><\/p>\n<p>S\u00ed, Padre, porque as\u00ed te ha parecido bien.<\/p>\n<p><!-- \/wp:paragraph --><!-- wp:paragraph --><\/p>\n<p>Todo me ha sido entregado por mi Padre, y nadie conoce qui\u00e9n es el Hijo sino el Padre; ni qui\u00e9n es el Padre sino el Hijo y aquel a quien el Hijo se lo quiera revelar\u00bb.<\/p>\n<p><!-- \/wp:paragraph --><!-- wp:paragraph --><\/p>\n<p>Y, volvi\u00e9ndose a sus disc\u00edpulos, les dijo aparte:<br>\u00ab\u00a1Bienaventurados los ojos que ven lo que vosotros veis! Porque os digo que muchos profetas y reyes quisieron ver lo que vosotros veis, y no lo vieron; y o\u00edr lo que vosotros o\u00eds, y no lo oyeron\u00bb.<\/p><p><br><\/p>\n<p><!-- \/wp:paragraph --><!-- wp:heading --><\/p>\n<h3>Reflexi\u00f3n del Evangelio de hoy<\/h3><div><br><\/div>\n<p><\/p>\n<p><!-- \/wp:heading --><!-- wp:heading {\"level\":3} --><\/p>\n<h4>&#8220;El que os mand\u00f3 las desgracias os mandar\u00e1 el gozo eterno de vuestra salvaci\u00f3n&#8221;<\/h4>\n<p><\/p>\n<p><!-- \/wp:heading --><!-- wp:paragraph --><\/p>\n<p>Si el fragmento que se proclamaba ayer era una exhortaci\u00f3n a confesar el pecado, hoy la liturgia pide al pueblo que no se quede ah\u00ed, sino que aproveche esta situaci\u00f3n como oportunidad para volver al Se\u00f1or.<\/p>\n<p><!-- \/wp:paragraph --><!-- wp:paragraph --><\/p>\n<p>El profeta, con un lenguaje t\u00edpicamente veterotestamentario que nos puede confundir, anima al pueblo con una consigna: \u00abEl que os mand\u00f3 las desgracias os mandar\u00e1 el gozo eterno de vuestra salvaci\u00f3n\u00bb. A nosotros esto nos puede sonar a una l\u00f3gica de castigo y recompensa. Quiz\u00e1 nos da una imagen de Dios autoritario y vengativo. Sin embargo, en la mente del pueblo de Israel, el Se\u00f1or que mand\u00f3 la desgracia es el mismo que concede el gozo en la medida en que dicha desgracia es el resultado de haberse alejado de \u00e9l. El apartarse del Se\u00f1or, el pecado, la infidelidad, es una desgracia en s\u00ed misma, porque es un alejarse de aquello para lo que fuimos creados: En \u00e9l vivimos, nos movemos y existimos (Hch 17, 28), &nbsp;y volver a \u00e9l, caminar en fidelidad, es lo que nos hace vivir en gozo, es la recompensa en s\u00ed misma.<\/p>\n<p><!-- \/wp:paragraph --><!-- wp:paragraph --><\/p>\n<p>Si en el pecado experimentamos la desolaci\u00f3n y la desgracia no es por un castigo cruel de Dios que es misericordia, sino porque estamos siendo infieles a nuestra vocaci\u00f3n, aquello para lo que fuimos creados y, por tanto, lo que nos hace verdaderamente felices: la uni\u00f3n con \u00c9l. Aprovechemos la ca\u00edda y el dolor experimentado en ellos una ocasi\u00f3n a volver al Se\u00f1or \u00abcon redoblado empe\u00f1o\u00bb. Habiendo constatado lo infelices que nos ha hecho la infidelidad, la tristeza en que nos sume el apartarnos de \u00c9l, confesemos nuestro pecado y hagamos de esta circunstancia un momento de gracia porque, es verdad, que Dios escucha a sus pobres, no desprecia a sus cautivos. \u00a1Buscad al Se\u00f1or y revivir\u00e1 vuestro coraz\u00f3n! (Sal 68).<\/p><p><br><\/p>\n<p><!-- \/wp:paragraph --><!-- wp:heading {\"level\":3} --><\/p>\n<h4>&#8220;Si no volv\u00e9is a ser como ni\u00f1os, no entrar\u00e9is en el reino de los cielos&#8221;<\/h4>\n<p><!-- \/wp:heading --><!-- wp:paragraph --><\/p>\n<p>En la memoria de los santos \u00e1ngeles custodios el Evangelio nos propone la actitud de los ni\u00f1os para acoger este misterio. Esta celebraci\u00f3n nos remite a la certeza del amor de Dios que nos guarda y nos protege en nuestro d\u00eda a d\u00eda, a trav\u00e9s de estos esp\u00edritus custodios y otras tantas mediaciones que muchas veces nuestros ojos no llegan a captar.<\/p>\n<p><!-- \/wp:paragraph --><!-- wp:paragraph --><\/p>\n<p>Los disc\u00edpulos preguntan: \u00bfQui\u00e9n es el mayor? Y Jes\u00fas les presenta a un ni\u00f1o. Como en otras ocasiones, parece que el Maestro se va por la tangente. Pero en realidad les da una respuesta clara: lo peque\u00f1o, lo sencillo, lo inocente, aquello que pasa m\u00e1s desapercibido y es muchas veces lo m\u00e1s despreciado, eso es lo que esconde frecuentemente lo m\u00e1s importante. Solo la sencillez y pobreza de coraz\u00f3n pueden acoger la grandeza y riqueza del misterio inabarcable.<\/p>\n<p><!-- \/wp:paragraph --><!-- wp:paragraph --><\/p>\n<p>\u00abSi no os convert\u00eds y os hac\u00e9is como ni\u00f1os, no entrar\u00e9is en el reino de los cielos\u00bb. La conversi\u00f3n es un hacerse como ni\u00f1os. Es reconocer que somos incapaces, que dependemos de Dios para todo. Es la actitud de quien se sabe importante a los ojos de su Padre y lo espera y recibe todo de \u00e9l.&nbsp; Es un dejar de creer que la Salvaci\u00f3n est\u00e1 en nuestras fuerzas o en nuestros m\u00e9ritos. El ni\u00f1o es el que sabe acoger, sabe recibir, sin prejuicios ni desconfianzas. El adulto es el que todo lo sopesa y calcula en sus posibilidades, el que se lo gana a pulso y se siente merecedor.<\/p>\n<p><!-- \/wp:paragraph --><!-- wp:paragraph --><\/p>\n<p>S\u00f3lo con un coraz\u00f3n de ni\u00f1o se puede acoger la Buena Noticia que Jes\u00fas nos trae. S\u00f3lo con un coraz\u00f3n inocente y confiado se puede creer que el Padre nos ama incondicionalmente y pone a nuestro alcance los medios, las personas y tambi\u00e9n los \u00e1ngeles que necesitamos para no perdernos en el camino. El ni\u00f1o no calcula si es razonable o proporcionado aquello que le promete su Padre, tan s\u00f3lo cree y conf\u00eda. Cree que es amado por \u00c9l y conf\u00eda que, s\u00f3lo por eso, no hay nada que temer.<\/p>\n<p><!-- \/wp:paragraph --><!-- wp:paragraph --><\/p>\n<p>\u00bfC\u00f3mo es mi actitud de acogida de la gracia, del Amor de Dios y de sus dones? \u00bfLos recibo y disfruto con la exigencia del adulto o los acojo y agradezco con el coraz\u00f3n de un ni\u00f1o? \u00bfEn los momentos de temor, ante las dificultades, me creo que Dios Padre me protege y me cuida, incluso por medio de sus \u00e1ngeles, o, por el contrario, me siento abandonado por \u00c9l?<\/p>\n<p><!-- \/wp:paragraph --><\/p>\t\t\t\t\t\t<\/div>\n\t\t\t\t<\/div>\n\t\t\t\t\t<\/div>\n\t\t<\/div>\n\t\t\t\t\t\t\t<\/div>\n\t\t<\/section>\n\t\t\t\t\t\t<\/div>\n\t\t\t\t\t<\/div>\n\t\t","protected":false},"excerpt":{"rendered":"<p>Primera lectura Lectura del libro de Baruc 4, 5-12. 27-29 \u00a1\u00c1nimo, pueblo m\u00edo, que llevas el nombre de Israel!&nbsp;Os vendieron a naciones extranjeras,&nbsp;pero no para ser aniquilados.&nbsp;Por la c\u00f3lera de [&hellip;]<\/p>\n","protected":false},"author":2,"featured_media":0,"comment_status":"open","ping_status":"open","sticky":false,"template":"elementor_canvas","format":"standard","meta":{"om_disable_all_campaigns":false,"_monsterinsights_skip_tracking":false,"_monsterinsights_sitenote_active":false,"_monsterinsights_sitenote_note":"","_monsterinsights_sitenote_category":0,"site-sidebar-layout":"default","site-content-layout":"default","ast-site-content-layout":"","site-content-style":"default","site-sidebar-style":"default","ast-global-header-display":"","ast-banner-title-visibility":"","ast-main-header-display":"","ast-hfb-above-header-display":"","ast-hfb-below-header-display":"","ast-hfb-mobile-header-display":"","site-post-title":"","ast-breadcrumbs-content":"","ast-featured-img":"","footer-sml-layout":"","theme-transparent-header-meta":"default","adv-header-id-meta":"","stick-header-meta":"","header-above-stick-meta":"","header-main-stick-meta":"","header-below-stick-meta":"","astra-migrate-meta-layouts":"default","ast-page-background-enabled":"default","ast-page-background-meta":{"desktop":{"background-color":"","background-image":"","background-repeat":"repeat","background-position":"center center","background-size":"auto","background-attachment":"scroll","background-type":"","background-media":"","overlay-type":"","overlay-color":"","overlay-opacity":"","overlay-gradient":""},"tablet":{"background-color":"","background-image":"","background-repeat":"repeat","background-position":"center center","background-size":"auto","background-attachment":"scroll","background-type":"","background-media":"","overlay-type":"","overlay-color":"","overlay-opacity":"","overlay-gradient":""},"mobile":{"background-color":"","background-image":"","background-repeat":"repeat","background-position":"center center","background-size":"auto","background-attachment":"scroll","background-type":"","background-media":"","overlay-type":"","overlay-color":"","overlay-opacity":"","overlay-gradient":""}},"ast-content-background-meta":{"desktop":{"background-color":"var(--ast-global-color-5)","background-image":"","background-repeat":"repeat","background-position":"center center","background-size":"auto","background-attachment":"scroll","background-type":"","background-media":"","overlay-type":"","overlay-color":"","overlay-opacity":"","overlay-gradient":""},"tablet":{"background-color":"var(--ast-global-color-5)","background-image":"","background-repeat":"repeat","background-position":"center center","background-size":"auto","background-attachment":"scroll","background-type":"","background-media":"","overlay-type":"","overlay-color":"","overlay-opacity":"","overlay-gradient":""},"mobile":{"background-color":"var(--ast-global-color-5)","background-image":"","background-repeat":"repeat","background-position":"center center","background-size":"auto","background-attachment":"scroll","background-type":"","background-media":"","overlay-type":"","overlay-color":"","overlay-opacity":"","overlay-gradient":""}},"spay_email":"","footnotes":""},"categories":[1],"tags":[],"class_list":["post-1256","post","type-post","status-publish","format-standard","hentry","category-uncategorized"],"jetpack_featured_media_url":"","jetpack-related-posts":[{"id":1216,"url":"https:\/\/cofradiasantorosario.org.gt\/index.php\/2021\/09\/20\/1216\/","url_meta":{"origin":1256,"position":0},"title":"Primera lectura Lectura del libro\u2026","date":"septiembre 20, 2021","format":false,"excerpt":"Primera lectura Lectura del libro de Baruc 1,15-22: Confesamos que el Se\u00f1or nuestro Dios es justo. Nosotros, en cambio, sentimos en este d\u00eda la verg\u00fcenza de la culpa. Nosotros, hombres de Jud\u00e1, vecinos de Jerusal\u00e9n, nuestros reyes y gobernantes, nuestros sacerdotes y profetas, lo mismo que nuestros antepasados, hemos pecado\u2026","rel":"","context":"In &quot;Religiosidad&quot;","img":{"alt_text":"","src":"","width":0,"height":0},"classes":[]},{"id":1521,"url":"https:\/\/cofradiasantorosario.org.gt\/index.php\/2021\/09\/22\/1521\/","url_meta":{"origin":1256,"position":1},"title":"Primera lectura Lectura del primer\u2026","date":"septiembre 22, 2021","format":false,"excerpt":"Primera lectura Lectura del primer libro de las Cr\u00f3nicas 15, 3-4. 15-16; 16, 1-2 En aquellos d\u00edas, David congreg\u00f3 en Jerusal\u00e9n a todo Israel para subir el Arca del Se\u00f1or al lugar que le hab\u00eda preparado. Reuni\u00f3 tambi\u00e9n a los hijos de Aar\u00f3n y a los levitas. Luego los levitas\u2026","rel":"","context":"Similar post","img":{"alt_text":"","src":"","width":0,"height":0},"classes":[]},{"id":1605,"url":"https:\/\/cofradiasantorosario.org.gt\/index.php\/2021\/09\/23\/1605\/","url_meta":{"origin":1256,"position":2},"title":"Primera lectura Lectura de la\u2026","date":"septiembre 23, 2021","format":false,"excerpt":"Primera lectura Lectura de la carta del ap\u00f3stol san Pablo a los Romanos 8, 18-25 Sostengo que los sufrimientos de ahora no pesan lo que la gloria que un dia se nos descubrir\u00e1. Porque la creaci\u00f3n, expectante, est\u00e1 aguardando la plena manifestaci\u00f3n de los hijos de Dios; ella fue sometida\u2026","rel":"","context":"Similar post","img":{"alt_text":"","src":"","width":0,"height":0},"classes":[]},{"id":1526,"url":"https:\/\/cofradiasantorosario.org.gt\/index.php\/2021\/09\/22\/1526\/","url_meta":{"origin":1256,"position":3},"title":"Primera lectura Lectura de la\u2026","date":"septiembre 22, 2021","format":false,"excerpt":"Primera lectura Lectura de la carta del ap\u00f3stol san Pablo a los Romanos (3,21-30a) Ahora, la justicia de Dios, atestiguada por la Ley y los profetas, se ha manifestado independientemente de la Ley. Por la fe en Jesucristo viene la justicia de Dios a todos los que creen, sin distinci\u00f3n\u2026","rel":"","context":"Similar post","img":{"alt_text":"","src":"","width":0,"height":0},"classes":[]},{"id":1607,"url":"https:\/\/cofradiasantorosario.org.gt\/index.php\/2021\/09\/23\/1607\/","url_meta":{"origin":1256,"position":4},"title":"Primera lectura Lectura de la\u2026","date":"septiembre 23, 2021","format":false,"excerpt":"Primera lectura Lectura de la carta del ap\u00f3stol san Pablo a los Romanos 8,26-30: El Esp\u00edritu viene en ayuda de nuestra debilidad, porque nosotros no sabemos pedir lo que nos conviene, pero el Esp\u00edritu mismo intercede por nosotros con gemidos inefables. Y el que escudri\u00f1a los corazones sabe cu\u00e1l es\u2026","rel":"","context":"Similar post","img":{"alt_text":"","src":"","width":0,"height":0},"classes":[]},{"id":1615,"url":"https:\/\/cofradiasantorosario.org.gt\/index.php\/2021\/09\/23\/1615\/","url_meta":{"origin":1256,"position":5},"title":"Primera lectura Lectura del Libro\u2026","date":"septiembre 23, 2021","format":false,"excerpt":"Primera lectura Lectura del Libro del Deuteronomio 6, 2-6 Habl\u00f3 Mois\u00e9s al pueblo y le dijo:\u2013Teme al Se\u00f1or tu Dios, guardando todos los mandatos y preceptos que te manda, t\u00fa, tus hijos y tus nietos, mientras viv\u00e1is; as\u00ed prolongar\u00e1s tu vida. Esc\u00fachalo, Israel, y ponlo por obra para que te\u2026","rel":"","context":"Similar post","img":{"alt_text":"","src":"","width":0,"height":0},"classes":[]}],"_links":{"self":[{"href":"https:\/\/cofradiasantorosario.org.gt\/index.php\/wp-json\/wp\/v2\/posts\/1256","targetHints":{"allow":["GET"]}}],"collection":[{"href":"https:\/\/cofradiasantorosario.org.gt\/index.php\/wp-json\/wp\/v2\/posts"}],"about":[{"href":"https:\/\/cofradiasantorosario.org.gt\/index.php\/wp-json\/wp\/v2\/types\/post"}],"author":[{"embeddable":true,"href":"https:\/\/cofradiasantorosario.org.gt\/index.php\/wp-json\/wp\/v2\/users\/2"}],"replies":[{"embeddable":true,"href":"https:\/\/cofradiasantorosario.org.gt\/index.php\/wp-json\/wp\/v2\/comments?post=1256"}],"version-history":[{"count":13,"href":"https:\/\/cofradiasantorosario.org.gt\/index.php\/wp-json\/wp\/v2\/posts\/1256\/revisions"}],"predecessor-version":[{"id":1276,"href":"https:\/\/cofradiasantorosario.org.gt\/index.php\/wp-json\/wp\/v2\/posts\/1256\/revisions\/1276"}],"wp:attachment":[{"href":"https:\/\/cofradiasantorosario.org.gt\/index.php\/wp-json\/wp\/v2\/media?parent=1256"}],"wp:term":[{"taxonomy":"category","embeddable":true,"href":"https:\/\/cofradiasantorosario.org.gt\/index.php\/wp-json\/wp\/v2\/categories?post=1256"},{"taxonomy":"post_tag","embeddable":true,"href":"https:\/\/cofradiasantorosario.org.gt\/index.php\/wp-json\/wp\/v2\/tags?post=1256"}],"curies":[{"name":"wp","href":"https:\/\/api.w.org\/{rel}","templated":true}]}}