{"id":1,"date":"2021-09-13T13:31:43","date_gmt":"2021-09-13T13:31:43","guid":{"rendered":"http:\/\/cofradiasantorosario.org.gt\/?p=1"},"modified":"2021-09-13T13:31:43","modified_gmt":"2021-09-13T13:31:43","slug":"hello-world","status":"publish","type":"post","link":"https:\/\/cofradiasantorosario.org.gt\/index.php\/2021\/09\/13\/hello-world\/","title":{"rendered":"Hello world!"},"content":{"rendered":"\n<p>Welcome to WordPress. This is your first post. Edit or delete it, then start writing!<\/p>\n","protected":false},"excerpt":{"rendered":"<p>Welcome to WordPress. This is your first post. Edit or delete it, then start writing!<\/p>\n","protected":false},"author":1,"featured_media":0,"comment_status":"open","ping_status":"open","sticky":false,"template":"","format":"standard","meta":{"om_disable_all_campaigns":false,"_monsterinsights_skip_tracking":false,"_monsterinsights_sitenote_active":false,"_monsterinsights_sitenote_note":"","_monsterinsights_sitenote_category":0,"site-sidebar-layout":"default","site-content-layout":"","ast-site-content-layout":"","site-content-style":"default","site-sidebar-style":"default","ast-global-header-display":"","ast-banner-title-visibility":"","ast-main-header-display":"","ast-hfb-above-header-display":"","ast-hfb-below-header-display":"","ast-hfb-mobile-header-display":"","site-post-title":"","ast-breadcrumbs-content":"","ast-featured-img":"","footer-sml-layout":"","theme-transparent-header-meta":"","adv-header-id-meta":"","stick-header-meta":"","header-above-stick-meta":"","header-main-stick-meta":"","header-below-stick-meta":"","astra-migrate-meta-layouts":"default","ast-page-background-enabled":"default","ast-page-background-meta":{"desktop":{"background-color":"","background-image":"","background-repeat":"repeat","background-position":"center center","background-size":"auto","background-attachment":"scroll","background-type":"","background-media":"","overlay-type":"","overlay-color":"","overlay-opacity":"","overlay-gradient":""},"tablet":{"background-color":"","background-image":"","background-repeat":"repeat","background-position":"center center","background-size":"auto","background-attachment":"scroll","background-type":"","background-media":"","overlay-type":"","overlay-color":"","overlay-opacity":"","overlay-gradient":""},"mobile":{"background-color":"","background-image":"","background-repeat":"repeat","background-position":"center center","background-size":"auto","background-attachment":"scroll","background-type":"","background-media":"","overlay-type":"","overlay-color":"","overlay-opacity":"","overlay-gradient":""}},"ast-content-background-meta":{"desktop":{"background-color":"var(--ast-global-color-5)","background-image":"","background-repeat":"repeat","background-position":"center center","background-size":"auto","background-attachment":"scroll","background-type":"","background-media":"","overlay-type":"","overlay-color":"","overlay-opacity":"","overlay-gradient":""},"tablet":{"background-color":"var(--ast-global-color-5)","background-image":"","background-repeat":"repeat","background-position":"center center","background-size":"auto","background-attachment":"scroll","background-type":"","background-media":"","overlay-type":"","overlay-color":"","overlay-opacity":"","overlay-gradient":""},"mobile":{"background-color":"var(--ast-global-color-5)","background-image":"","background-repeat":"repeat","background-position":"center center","background-size":"auto","background-attachment":"scroll","background-type":"","background-media":"","overlay-type":"","overlay-color":"","overlay-opacity":"","overlay-gradient":""}},"spay_email":"","footnotes":""},"categories":[1],"tags":[],"class_list":["post-1","post","type-post","status-publish","format-standard","hentry","category-uncategorized"],"jetpack_featured_media_url":"","jetpack-related-posts":[{"id":1553,"url":"https:\/\/cofradiasantorosario.org.gt\/index.php\/2021\/09\/23\/1553\/","url_meta":{"origin":1,"position":0},"title":"Primera lectura Lectura del Profeta\u2026","date":"septiembre 23, 2021","format":false,"excerpt":"Primera lectura Lectura del Profeta Isa\u00edas 53, 10-11 El Se\u00f1or quiso triturarlo con el sufrimiento.Cuando entregue su vida como expiaci\u00f3n, ver\u00e1 su descendencia, prolongar\u00e1 sus a\u00f1os; lo que el Se\u00f1or quiere prosperar\u00e1 por sus manos.A causa de los trabajos de su alma, ver\u00e1 y se hartar\u00e1, con lo aprendido mi\u2026","rel":"","context":"Similar post","img":{"alt_text":"","src":"","width":0,"height":0},"classes":[]},{"id":1481,"url":"https:\/\/cofradiasantorosario.org.gt\/index.php\/2021\/09\/21\/1481\/","url_meta":{"origin":1,"position":1},"title":"Primera lectura \u00a0 Lectura del\u2026","date":"septiembre 21, 2021","format":false,"excerpt":"Primera lectura \u00a0 Lectura del libro del profeta Joel 4,12-21 Esto dice el Se\u00f1or: \u00abQue se movilicen y suban las nacionesal valle de Josafat,pues all\u00e1 voy a plantar mi tronopara juzgar a todos los pueblos de alrededor.Echad la hoz,pues la mies est\u00e1 madura;venid a pisar la uva,que el lagar est\u00e1\u2026","rel":"","context":"Similar post","img":{"alt_text":"","src":"","width":0,"height":0},"classes":[]},{"id":1611,"url":"https:\/\/cofradiasantorosario.org.gt\/index.php\/2021\/09\/23\/1611\/","url_meta":{"origin":1,"position":2},"title":"Primera lectura Lectura de la\u2026","date":"septiembre 23, 2021","format":false,"excerpt":"Primera lectura Lectura de la carta del ap\u00f3stol san Pablo a los Romanos 9,1-5 \u201cDigo la verdad en Cristo; mi conciencia, iluminada por el Esp\u00edritu Santo, me asegura que no miento. Siento una gran pena y un dolor incesante en mi coraz\u00f3n, pues por el bien de mis hermanos, los\u2026","rel":"","context":"Similar post","img":{"alt_text":"","src":"","width":0,"height":0},"classes":[]},{"id":1460,"url":"https:\/\/cofradiasantorosario.org.gt\/index.php\/2021\/09\/21\/1460\/","url_meta":{"origin":1,"position":3},"title":"Primera lectura Lectura de la\u2026","date":"septiembre 21, 2021","format":"link","excerpt":"Primera lectura Lectura de la profec\u00eda de Zacar\u00edas 2, 14-17 \u00a0 Al\u00e9grate y goza, Sion, pues voy a habitar en medio de ti \u2014or\u00e1culo del Se\u00f1or\u2014. Aquel d\u00eda se asociar\u00e1n al Se\u00f1or pueblos sin n\u00famero; ellos ser\u00e1n mi pueblo, y habitar\u00e9 en medio de ti, Entonces reconocer\u00e1s que el Se\u00f1or\u2026","rel":"","context":"Similar post","img":{"alt_text":"","src":"","width":0,"height":0},"classes":[]},{"id":1521,"url":"https:\/\/cofradiasantorosario.org.gt\/index.php\/2021\/09\/22\/1521\/","url_meta":{"origin":1,"position":4},"title":"Primera lectura Lectura del primer\u2026","date":"septiembre 22, 2021","format":false,"excerpt":"Primera lectura Lectura del primer libro de las Cr\u00f3nicas 15, 3-4. 15-16; 16, 1-2 En aquellos d\u00edas, David congreg\u00f3 en Jerusal\u00e9n a todo Israel para subir el Arca del Se\u00f1or al lugar que le hab\u00eda preparado. Reuni\u00f3 tambi\u00e9n a los hijos de Aar\u00f3n y a los levitas. Luego los levitas\u2026","rel":"","context":"Similar post","img":{"alt_text":"","src":"","width":0,"height":0},"classes":[]},{"id":1605,"url":"https:\/\/cofradiasantorosario.org.gt\/index.php\/2021\/09\/23\/1605\/","url_meta":{"origin":1,"position":5},"title":"Primera lectura Lectura de la\u2026","date":"septiembre 23, 2021","format":false,"excerpt":"Primera lectura Lectura de la carta del ap\u00f3stol san Pablo a los Romanos 8, 18-25 Sostengo que los sufrimientos de ahora no pesan lo que la gloria que un dia se nos descubrir\u00e1. Porque la creaci\u00f3n, expectante, est\u00e1 aguardando la plena manifestaci\u00f3n de los hijos de Dios; ella fue sometida\u2026","rel":"","context":"Similar post","img":{"alt_text":"","src":"","width":0,"height":0},"classes":[]}],"_links":{"self":[{"href":"https:\/\/cofradiasantorosario.org.gt\/index.php\/wp-json\/wp\/v2\/posts\/1","targetHints":{"allow":["GET"]}}],"collection":[{"href":"https:\/\/cofradiasantorosario.org.gt\/index.php\/wp-json\/wp\/v2\/posts"}],"about":[{"href":"https:\/\/cofradiasantorosario.org.gt\/index.php\/wp-json\/wp\/v2\/types\/post"}],"author":[{"embeddable":true,"href":"https:\/\/cofradiasantorosario.org.gt\/index.php\/wp-json\/wp\/v2\/users\/1"}],"replies":[{"embeddable":true,"href":"https:\/\/cofradiasantorosario.org.gt\/index.php\/wp-json\/wp\/v2\/comments?post=1"}],"version-history":[{"count":0,"href":"https:\/\/cofradiasantorosario.org.gt\/index.php\/wp-json\/wp\/v2\/posts\/1\/revisions"}],"wp:attachment":[{"href":"https:\/\/cofradiasantorosario.org.gt\/index.php\/wp-json\/wp\/v2\/media?parent=1"}],"wp:term":[{"taxonomy":"category","embeddable":true,"href":"https:\/\/cofradiasantorosario.org.gt\/index.php\/wp-json\/wp\/v2\/categories?post=1"},{"taxonomy":"post_tag","embeddable":true,"href":"https:\/\/cofradiasantorosario.org.gt\/index.php\/wp-json\/wp\/v2\/tags?post=1"}],"curies":[{"name":"wp","href":"https:\/\/api.w.org\/{rel}","templated":true}]}}